{"id":38116,"date":"2021-09-18T11:19:08","date_gmt":"2021-09-18T14:19:08","guid":{"rendered":"https:\/\/www.portalalerta.com.br\/?p=38116"},"modified":"2021-09-18T11:19:09","modified_gmt":"2021-09-18T14:19:09","slug":"cpi-da-covid-pediu-busca-e-apreensao-no-ministerio-da-saude-mas-aras-se-opos","status":"publish","type":"post","link":"https:\/\/www.portalalerta.com.br\/index.php\/2021\/09\/18\/cpi-da-covid-pediu-busca-e-apreensao-no-ministerio-da-saude-mas-aras-se-opos\/","title":{"rendered":"CPI da Covid pediu busca e apreens\u00e3o no Minist\u00e9rio da Sa\u00fade, mas Aras se op\u00f4s"},"content":{"rendered":"\n<p>Em manifesta\u00e7\u00e3o encaminhada ao ministro Dias Toffoli, do Supremo Tribunal Federal (STF), a Procuradoria-Geral da Rep\u00fablica se op\u00f4s a um pedido de busca e apreens\u00e3o no Minist\u00e9rio da Sa\u00fade para apurar a compra de doses da vacina Covaxin pela pasta. A solicita\u00e7\u00e3o havia sido feita pela CPI da Covid. Dias Toffoli, que autorizou opera\u00e7\u00e3o de busca e apreens\u00e3o na sede da Precisa Medicamentos nesta sexta-feira, concordou com o PGR, Augusto Aras, e indeferiu que opera\u00e7\u00e3o semelhante fosse realizada no Minist\u00e9rio da Sa\u00fade.<\/p>\n\n\n\n<!--more-->\n\n\n\n<p>A Precisa Medicamentos atuou como intermediadora na aquisi\u00e7\u00e3o de doses da Covaxin entre o Minist\u00e9rio da Sa\u00fade e a farmac\u00eautica Bharat Biotech. O contrato de R$ 1,6 bilh\u00e3o foi suspenso ap\u00f3s suspeitas de corrup\u00e7\u00e3o.<\/p>\n\n\n\n<div class=\"wp-block-image\"><figure class=\"alignleft size-large\"><img fetchpriority=\"high\" decoding=\"async\" width=\"299\" height=\"300\" src=\"https:\/\/www.portalalerta.com.br\/wp-content\/uploads\/2021\/07\/A-Voz-do-Sertao.1.jpg\" alt=\"\" class=\"wp-image-36575\" srcset=\"https:\/\/www.portalalerta.com.br\/wp-content\/uploads\/2021\/07\/A-Voz-do-Sertao.1.jpg 299w, https:\/\/www.portalalerta.com.br\/wp-content\/uploads\/2021\/07\/A-Voz-do-Sertao.1-239x240.jpg 239w, https:\/\/www.portalalerta.com.br\/wp-content\/uploads\/2021\/07\/A-Voz-do-Sertao.1-146x146.jpg 146w, https:\/\/www.portalalerta.com.br\/wp-content\/uploads\/2021\/07\/A-Voz-do-Sertao.1-50x50.jpg 50w, https:\/\/www.portalalerta.com.br\/wp-content\/uploads\/2021\/07\/A-Voz-do-Sertao.1-75x75.jpg 75w, https:\/\/www.portalalerta.com.br\/wp-content\/uploads\/2021\/07\/A-Voz-do-Sertao.1-85x85.jpg 85w, https:\/\/www.portalalerta.com.br\/wp-content\/uploads\/2021\/07\/A-Voz-do-Sertao.1-80x80.jpg 80w\" sizes=\"(max-width: 299px) 100vw, 299px\" \/><\/figure><\/div>\n\n\n\n<p>No parecer, o procurador-geral da Rep\u00fablica, Augusto Aras, ao opinar pela n\u00e3o realiza\u00e7\u00e3o das medidas no Minist\u00e9rio da Sa\u00fade, afirma que &#8220;alternativas menos onerosas podem ser previamente tomadas com vistas \u00e0 obten\u00e7\u00e3o das informa\u00e7\u00f5es pleiteadas pela CPI da Pandemia, bem como n\u00e3o foram apresentados ind\u00edcios de destrui\u00e7\u00e3o ou ocultamento que afaste a presun\u00e7\u00e3o de guarda da documenta\u00e7\u00e3o dos \u00f3rg\u00e3os p\u00fablicos&#8221;.<\/p>\n\n\n\n<p>No pedido feito ao Supremo, o mesmo que solicitou a busca e apreens\u00e3o na sede da Precisa Medicamentos, a cupula da CPI argumentou haver resist\u00eancia, atrasos injustific\u00e1veis e desobedi\u00eancia do Minist\u00e9rio da Sa\u00fade &#8220;no que toca ao atendimento de requisi\u00e7\u00f5es de documentos aprovadas pela Comiss\u00e3o Parlamentar de Inqu\u00e9rito&#8221;.<\/p>\n\n\n\n<p>Na peti\u00e7\u00e3o, a c\u00fapula da CPI argumentou que os mesmos ind\u00edcios de autoria e materialidade que justificam a busca e apreens\u00e3o na sede da empresa Precisa Medicamentos recomendam que a medida investigat\u00f3ria tamb\u00e9m ocorresse no Minist\u00e9rio da Sa\u00fade, em especial no Departamento de Log\u00edstica em Sa\u00fade (DLOG) e no gabinete do Secret\u00e1rio Executivo da pasta.<\/p>\n\n\n\n<p><strong><em>&#8220;O sucesso das investiga\u00e7\u00f5es depende de constante e cont\u00ednuo acesso aos autos do processo administrativo em que ocorreu a compra do imunizante indiano, bem assim da coopera\u00e7\u00e3o do Minist\u00e9rio da Sa\u00fade no que toca ao rigoroso atendimento das medidas investigativas aprovadas pelo Comiss\u00e3o Parlamentar de Inqu\u00e9rito (requisi\u00e7\u00f5es de documentos, de informa\u00e7\u00f5es e fornecimento de subs\u00eddios). Surpreendentemente, nem um nem outro tem ocorrido&#8221;<\/em><\/strong>, escreveu a c\u00fapula da CPI no pedido feito ao STF.<\/p>\n\n\n\n<p>E completou:<\/p>\n\n\n\n<p><strong><em>&#8220;O Minist\u00e9rio da Sa\u00fade extinguiu, mesmo com as investiga\u00e7\u00f5es em andamento, recentemente o acesso dos servidores do Senado aos seus processos eletr\u00f4nicos, acesso este aprovado por meio de requerimento desta comiss\u00e3o. O referenciado \u00f3rg\u00e3o evidentemente n\u00e3o tem colaborado com os trabalhos do colegiado, tem descumprido praticamente todos os prazos que lhe s\u00e3o consignados, bem como nos tem enviado informa\u00e7\u00f5es incompletas e dificultado os trabalhos desta CPI.&#8221;<\/em><\/strong><\/p>\n\n\n\n<p><em>Fonte: Yahoo Not\u00edcias<\/em><\/p>\n","protected":false},"excerpt":{"rendered":"<p>Em manifesta\u00e7\u00e3o encaminhada ao ministro Dias Toffoli, do Supremo Tribunal Federal (STF), a Procuradoria-Geral da Rep\u00fablica se op\u00f4s a um pedido de busca e apreens\u00e3o no Minist\u00e9rio da Sa\u00fade para apurar a compra de doses da vacina Covaxin pela pasta. A solicita\u00e7\u00e3o havia sido feita pela CPI da Covid. Dias Toffoli, que autorizou opera\u00e7\u00e3o de &hellip;<\/p>\n","protected":false},"author":2,"featured_media":35277,"comment_status":"open","ping_status":"open","sticky":false,"template":"","format":"standard","meta":{"om_disable_all_campaigns":false,"_monsterinsights_skip_tracking":false,"_monsterinsights_sitenote_active":false,"_monsterinsights_sitenote_note":"","_monsterinsights_sitenote_category":0,"footnotes":""},"categories":[34,70,69,21,19],"tags":[3099,93,2535,3429,3486,721,61],"class_list":["post-38116","post","type-post","status-publish","format-standard","has-post-thumbnail","hentry","category-brasil","category-destaques","category-noticias2","category-politica","category-saude","tag-augusto-aras","tag-brasil","tag-busca-e-apreensao","tag-coronavirus","tag-covid-19","tag-cpi","tag-saude"],"aioseo_notices":[],"_links":{"self":[{"href":"https:\/\/www.portalalerta.com.br\/index.php\/wp-json\/wp\/v2\/posts\/38116","targetHints":{"allow":["GET"]}}],"collection":[{"href":"https:\/\/www.portalalerta.com.br\/index.php\/wp-json\/wp\/v2\/posts"}],"about":[{"href":"https:\/\/www.portalalerta.com.br\/index.php\/wp-json\/wp\/v2\/types\/post"}],"author":[{"embeddable":true,"href":"https:\/\/www.portalalerta.com.br\/index.php\/wp-json\/wp\/v2\/users\/2"}],"replies":[{"embeddable":true,"href":"https:\/\/www.portalalerta.com.br\/index.php\/wp-json\/wp\/v2\/comments?post=38116"}],"version-history":[{"count":1,"href":"https:\/\/www.portalalerta.com.br\/index.php\/wp-json\/wp\/v2\/posts\/38116\/revisions"}],"predecessor-version":[{"id":38121,"href":"https:\/\/www.portalalerta.com.br\/index.php\/wp-json\/wp\/v2\/posts\/38116\/revisions\/38121"}],"wp:featuredmedia":[{"embeddable":true,"href":"https:\/\/www.portalalerta.com.br\/index.php\/wp-json\/wp\/v2\/media\/35277"}],"wp:attachment":[{"href":"https:\/\/www.portalalerta.com.br\/index.php\/wp-json\/wp\/v2\/media?parent=38116"}],"wp:term":[{"taxonomy":"category","embeddable":true,"href":"https:\/\/www.portalalerta.com.br\/index.php\/wp-json\/wp\/v2\/categories?post=38116"},{"taxonomy":"post_tag","embeddable":true,"href":"https:\/\/www.portalalerta.com.br\/index.php\/wp-json\/wp\/v2\/tags?post=38116"}],"curies":[{"name":"wp","href":"https:\/\/api.w.org\/{rel}","templated":true}]}}