{"id":38117,"date":"2021-09-18T11:23:46","date_gmt":"2021-09-18T14:23:46","guid":{"rendered":"https:\/\/www.portalalerta.com.br\/?p=38117"},"modified":"2021-09-18T11:23:47","modified_gmt":"2021-09-18T14:23:47","slug":"pele-deixa-uti-e-recebe-tratamento-semi-intensivo-estou-bem-sorrindo-todos-os-dias","status":"publish","type":"post","link":"https:\/\/www.portalalerta.com.br\/index.php\/2021\/09\/18\/pele-deixa-uti-e-recebe-tratamento-semi-intensivo-estou-bem-sorrindo-todos-os-dias\/","title":{"rendered":"Pel\u00e9 deixa UTI e recebe tratamento semi-intensivo: &#8220;Estou bem, sorrindo todos os dias&#8221;"},"content":{"rendered":"\n<p>O ex-jogador deu entrada no hospital no dia 31 de agosto, ap\u00f3s passar por uma cirurgia para a retirada de um tumor no c\u00f3lon<\/p>\n\n\n\n<!--more-->\n\n\n\n<p>Ap\u00f3s\u00a0<a href=\"https:\/\/www.portalalerta.com.br\/index.php\/2021\/09\/17\/pele-volta-a-uti-apos-instabilidade-respiratoria-diz-boletim\/\"><strong>retornar \u00e0 Unidade de Terapia Intensiva (UTI)<\/strong><\/a>, na noite de quinta-feira (16), o Rei Pel\u00e9 foi transferido para a UTI semi-intensiva, no in\u00edcio da noite de sexta-feira (17), conforme boletim m\u00e9dico do Hospital Israelita Albert Einstein, em S\u00e3o Paulo, onde o ex-jogador est\u00e1 internado h\u00e1 18 dias.<\/p>\n\n\n\n<div class=\"wp-block-image\"><figure class=\"alignleft size-large is-resized\"><img fetchpriority=\"high\" decoding=\"async\" src=\"https:\/\/www.portalalerta.com.br\/wp-content\/uploads\/2021\/04\/ELAB.jpg\" alt=\"\" class=\"wp-image-34795\" width=\"303\" height=\"242\" srcset=\"https:\/\/www.portalalerta.com.br\/wp-content\/uploads\/2021\/04\/ELAB.jpg 1000w, https:\/\/www.portalalerta.com.br\/wp-content\/uploads\/2021\/04\/ELAB-300x240.jpg 300w, https:\/\/www.portalalerta.com.br\/wp-content\/uploads\/2021\/04\/ELAB-768x614.jpg 768w, https:\/\/www.portalalerta.com.br\/wp-content\/uploads\/2021\/04\/ELAB-183x146.jpg 183w, https:\/\/www.portalalerta.com.br\/wp-content\/uploads\/2021\/04\/ELAB-50x40.jpg 50w, https:\/\/www.portalalerta.com.br\/wp-content\/uploads\/2021\/04\/ELAB-94x75.jpg 94w\" sizes=\"(max-width: 303px) 100vw, 303px\" \/><\/figure><\/div>\n\n\n\n<p>&#8220;Edson Arantes do Nascimento apresentou breve instabilidade respirat\u00f3ria na madrugada de 17 de setembro, e como medida preventiva, foi transferido para a Unidade de Terapia Intensiva (UTI). Ap\u00f3s estabiliza\u00e7\u00e3o do quadro, o paciente passou para cuidados semi-intensivos. Ele encontra-se, neste momento, est\u00e1vel do ponto de vista cardiovascular e respirat\u00f3rio, e segue em recupera\u00e7\u00e3o de p\u00f3s-operat\u00f3rio abdominal&#8221;, diz o relat\u00f3rio.<\/p>\n\n\n\n<p>Pouco depois, j\u00e1 no final da noite de sexta-feira, o \u00eddolo dos gramados&nbsp;usou as redes sociais para tranquilizar os f\u00e3s. Em publica\u00e7\u00e3o no Instagram, Pel\u00e9 postou&nbsp;uma foto em que aparece com uma camisa verde e amarela,&nbsp;de n\u00famero 10, e afirmou que se recupera bem. &#8220;Hoje eu recebi visita de familiares e continuo sorrindo todos os dias. Obrigado por todo amor que recebo de voc\u00eas&#8221;, disse o Rei em legenda publicada tamb\u00e9m em ingl\u00eas.<\/p>\n\n\n\n<p>Pel\u00e9 deu entrada no hospital no dia 31 de agosto, ap\u00f3s passar por uma cirurgia para a retirada de um tumor no c\u00f3lon. Antes disso, ele havia se submetido a exames de rotina que haviam sido adiados em fun\u00e7\u00e3o da pandemia da Covid-19.<\/p>\n\n\n\n<p><em>Fonte: Metro1<\/em><\/p>\n","protected":false},"excerpt":{"rendered":"<p>O ex-jogador deu entrada no hospital no dia 31 de agosto, ap\u00f3s passar por uma cirurgia para a retirada de um tumor no c\u00f3lon<\/p>\n","protected":false},"author":2,"featured_media":38122,"comment_status":"open","ping_status":"open","sticky":false,"template":"","format":"standard","meta":{"om_disable_all_campaigns":false,"_monsterinsights_skip_tracking":false,"_monsterinsights_sitenote_active":false,"_monsterinsights_sitenote_note":"","_monsterinsights_sitenote_category":0,"footnotes":""},"categories":[34,70,2,69,19],"tags":[93,96,97,2542,61],"class_list":["post-38117","post","type-post","status-publish","format-standard","has-post-thumbnail","hentry","category-brasil","category-destaques","category-esportes","category-noticias2","category-saude","tag-brasil","tag-esporte","tag-futebol","tag-pele","tag-saude"],"aioseo_notices":[],"_links":{"self":[{"href":"https:\/\/www.portalalerta.com.br\/index.php\/wp-json\/wp\/v2\/posts\/38117","targetHints":{"allow":["GET"]}}],"collection":[{"href":"https:\/\/www.portalalerta.com.br\/index.php\/wp-json\/wp\/v2\/posts"}],"about":[{"href":"https:\/\/www.portalalerta.com.br\/index.php\/wp-json\/wp\/v2\/types\/post"}],"author":[{"embeddable":true,"href":"https:\/\/www.portalalerta.com.br\/index.php\/wp-json\/wp\/v2\/users\/2"}],"replies":[{"embeddable":true,"href":"https:\/\/www.portalalerta.com.br\/index.php\/wp-json\/wp\/v2\/comments?post=38117"}],"version-history":[{"count":1,"href":"https:\/\/www.portalalerta.com.br\/index.php\/wp-json\/wp\/v2\/posts\/38117\/revisions"}],"predecessor-version":[{"id":38123,"href":"https:\/\/www.portalalerta.com.br\/index.php\/wp-json\/wp\/v2\/posts\/38117\/revisions\/38123"}],"wp:featuredmedia":[{"embeddable":true,"href":"https:\/\/www.portalalerta.com.br\/index.php\/wp-json\/wp\/v2\/media\/38122"}],"wp:attachment":[{"href":"https:\/\/www.portalalerta.com.br\/index.php\/wp-json\/wp\/v2\/media?parent=38117"}],"wp:term":[{"taxonomy":"category","embeddable":true,"href":"https:\/\/www.portalalerta.com.br\/index.php\/wp-json\/wp\/v2\/categories?post=38117"},{"taxonomy":"post_tag","embeddable":true,"href":"https:\/\/www.portalalerta.com.br\/index.php\/wp-json\/wp\/v2\/tags?post=38117"}],"curies":[{"name":"wp","href":"https:\/\/api.w.org\/{rel}","templated":true}]}}