{"id":38118,"date":"2021-09-18T11:30:41","date_gmt":"2021-09-18T14:30:41","guid":{"rendered":"https:\/\/www.portalalerta.com.br\/?p=38118"},"modified":"2021-09-18T11:30:43","modified_gmt":"2021-09-18T14:30:43","slug":"morte-de-adolescente-que-recebeu-pfizer-nao-tem-relacao-com-a-vacina","status":"publish","type":"post","link":"https:\/\/www.portalalerta.com.br\/index.php\/2021\/09\/18\/morte-de-adolescente-que-recebeu-pfizer-nao-tem-relacao-com-a-vacina\/","title":{"rendered":"Morte de adolescente que recebeu Pfizer n\u00e3o tem rela\u00e7\u00e3o com a vacina"},"content":{"rendered":"\n<p>A\u00a0morte de uma adolescente de 16 anos, investigada pela Anvisa (Ag\u00eancia Nacional de Vigil\u00e2ncia Sanit\u00e1ria) como poss\u00edvel rea\u00e7\u00e3o \u00e0 vacina da Pfizer\u00a0e que motivou o\u00a0pedido de suspens\u00e3o da imuniza\u00e7\u00e3o dos adolescentes pelo governo Jair Bolsonaro, n\u00e3o teve rela\u00e7\u00e3o com o imunizante.<\/p>\n\n\n\n<!--more-->\n\n\n\n<p>De acordo com informa\u00e7\u00f5es publicadas pela Secretaria da Sa\u00fade de S\u00e3o Paulo, nesta sexta (17), a vacina da Pfizer n\u00e3o foi a causa prov\u00e1vel do \u00f3bito de uma adolescente de 16 anos, mas sim uma doen\u00e7a autoimune.&nbsp;<\/p>\n\n\n\n<p>A conclus\u00e3o foi noticiada simultaneamente pela CNN Brasil e pela colunista Monica Bergamo, do jornal Folha de S\u00e3o Paulo.<\/p>\n\n\n\n<div class=\"wp-block-image\"><figure class=\"aligncenter size-large\"><img fetchpriority=\"high\" decoding=\"async\" width=\"720\" height=\"181\" src=\"https:\/\/www.portalalerta.com.br\/wp-content\/uploads\/2018\/02\/Auto-Escola-Nobre.jpg\" alt=\"\" class=\"wp-image-4869\" srcset=\"https:\/\/www.portalalerta.com.br\/wp-content\/uploads\/2018\/02\/Auto-Escola-Nobre.jpg 720w, https:\/\/www.portalalerta.com.br\/wp-content\/uploads\/2018\/02\/Auto-Escola-Nobre-260x65.jpg 260w, https:\/\/www.portalalerta.com.br\/wp-content\/uploads\/2018\/02\/Auto-Escola-Nobre-50x13.jpg 50w, https:\/\/www.portalalerta.com.br\/wp-content\/uploads\/2018\/02\/Auto-Escola-Nobre-150x38.jpg 150w\" sizes=\"(max-width: 720px) 100vw, 720px\" \/><\/figure><\/div>\n\n\n\n<p><strong><em>&#8220;As an\u00e1lises t\u00e9cnicas indicam que n\u00e3o \u00e9 a vacina a causa prov\u00e1vel do \u00f3bito e sim \u00e0 doen\u00e7a identificada com base no quadro cl\u00ednico e em exames complementares, denominada P\u00farpura Tromb\u00f3tica Trombocitop\u00eanica (PPT)&#8221;,<\/em><\/strong><em> <\/em>diz o governo em nota.<\/p>\n\n\n\n<p>A jovem foi imunizada contra Covid-19 em S\u00e3o Bernardo do Campo e morreu sete dias depois.<\/p>\n\n\n\n<p><strong>ENTENDA O CASO<\/strong><\/p>\n\n\n\n<p>Na noite da \u00faltima quarta-feira (15), o Minist\u00e9rio de Sa\u00fade divulgou&nbsp;<a href=\"https:\/\/sei.saude.gov.br\/sei\/controlador_externo.php?acao=documento_conferir&amp;codigo_verificador=0022770797%20&amp;codigo_crc=BEFBD157&amp;hash_download=34849307c0375646c10748c889463c08c6008ae8183ab1341d6861e8d7008e128ee9929027cc22b6793a23747f78ef57ff73b329544417ce4f04731b5b3b5dfd&amp;visualizacao=1&amp;id_orgao_acesso_externo=0\" target=\"_blank\" rel=\"noreferrer noopener\">uma nota<\/a>&nbsp;recomendado a suspens\u00e3o da vacina\u00e7\u00e3o de jovens entre 12 e 17 anos sem comorbidades contra a covid-19. Segundo a pasta, houve uma \u201crecomenda\u00e7\u00e3o para a imuniza\u00e7\u00e3o\u201d deste grupo, feita pela Secretaria Extraordin\u00e1ria de Enfrentamento \u00e0 Covid-19 \u2013 mesmo com a aprova\u00e7\u00e3o pela Anvisa do uso da Pfizer para esta faixa et\u00e1ria.<\/p>\n\n\n\n<p>Segundo a pasta, devem continuar a ser imunizados jovens entre 12 e 17 anos com comorbidades, com defici\u00eancia permanente ou jovens provados de liberdade.<\/p>\n\n\n\n<p><strong><em>\u201cA Secretaria Extraordin\u00e1ria de Enfrentamento \u00e0 Covid-19, na Nota T\u00e9cnica n\u00ba 40\/2021-SECOVID\/GAB\/SECOVID\/MS, revisou a recomenda\u00e7\u00e3o para imuniza\u00e7\u00e3o contra COVID-19 em adolescentes de 12 a 17 anos, restringindo o seu emprego somente aos adolescentes de 12 a 17 anos que apresentem defici\u00eancia permanente, comorbidades ou que estejam privados de liberdade, apesar da autoriza\u00e7\u00e3o pela Anvisa do uso da Vacina Cominarty (Pfizer\/Biontech)\u201d<\/em><\/strong>, diz o Minist\u00e9rio da Sa\u00fade.<\/p>\n\n\n\n<p>O documento foi assinado por Rosana Leite de Melo, secret\u00e1ria extraordin\u00e1ria de Enfrentamento \u00e0 Covid.<\/p>\n\n\n\n<p>A nota lista seis motivos para a revis\u00e3o dessa vacina\u00e7\u00e3o. Veja abaixo os motivos litados pelo Minist\u00e9rio da Sa\u00fade:<\/p>\n\n\n\n<ul class=\"wp-block-list\"><li>A Organiza\u00e7\u00e3o Mundial de Sa\u00fade n\u00e3o recomenda a imuniza\u00e7\u00e3o de crian\u00e7a e adolescente, com ou sem comorbidades;<\/li><li>A maioria dos adolescentes sem comorbidades acometidos pela COVID-19 apresentam evolu\u00e7\u00e3o benigna, apresentando-se assintom\u00e1ticos ou oligossintom\u00e1ticos;<\/li><li>Somente um imunizante foi avaliado em ECR;<\/li><li>Os benef\u00edcios da vacina\u00e7\u00e3o em adolescentes sem comorbidades ainda n\u00e3o est\u00e3o claramente definidos;<\/li><li>Apesar dos eventos adversos graves decorrentes da vacina\u00e7\u00e3o serem raros, sobretudo a ocorr\u00eancia de miocardite (16 casos a cada 1.000.000 de pessoas que recebem duas doses da vacina);<\/li><li>Redu\u00e7\u00e3o na m\u00e9dia m\u00f3vel de casos e \u00f3bitos (queda de 60% no n\u00famero de casos e queda de mais de 58% no n\u00famero de \u00f3bitos por covid-19 nos \u00faltimos 60 dias) com melhora do cen\u00e1rio epidemiol\u00f3gico.<\/li><\/ul>\n\n\n\n<p><em>Fonte: Yahoo Not\u00edcias<\/em><\/p>\n","protected":false},"excerpt":{"rendered":"<p>A\u00a0morte de uma adolescente de 16 anos, investigada pela Anvisa (Ag\u00eancia Nacional de Vigil\u00e2ncia Sanit\u00e1ria) como poss\u00edvel rea\u00e7\u00e3o \u00e0 vacina da Pfizer\u00a0e que motivou o\u00a0pedido de suspens\u00e3o da imuniza\u00e7\u00e3o dos adolescentes pelo governo Jair Bolsonaro, n\u00e3o teve rela\u00e7\u00e3o com o imunizante.<\/p>\n","protected":false},"author":2,"featured_media":38124,"comment_status":"open","ping_status":"open","sticky":false,"template":"","format":"standard","meta":{"om_disable_all_campaigns":false,"_monsterinsights_skip_tracking":false,"_monsterinsights_sitenote_active":false,"_monsterinsights_sitenote_note":"","_monsterinsights_sitenote_category":0,"footnotes":""},"categories":[34,70,69,19],"tags":[93,3429,3486,169,4002,404,61,3570,371],"class_list":["post-38118","post","type-post","status-publish","format-standard","has-post-thumbnail","hentry","category-brasil","category-destaques","category-noticias2","category-saude","tag-brasil","tag-coronavirus","tag-covid-19","tag-morte","tag-pfizer","tag-sao-paulo","tag-saude","tag-vacina","tag-vacinacao"],"aioseo_notices":[],"_links":{"self":[{"href":"https:\/\/www.portalalerta.com.br\/index.php\/wp-json\/wp\/v2\/posts\/38118","targetHints":{"allow":["GET"]}}],"collection":[{"href":"https:\/\/www.portalalerta.com.br\/index.php\/wp-json\/wp\/v2\/posts"}],"about":[{"href":"https:\/\/www.portalalerta.com.br\/index.php\/wp-json\/wp\/v2\/types\/post"}],"author":[{"embeddable":true,"href":"https:\/\/www.portalalerta.com.br\/index.php\/wp-json\/wp\/v2\/users\/2"}],"replies":[{"embeddable":true,"href":"https:\/\/www.portalalerta.com.br\/index.php\/wp-json\/wp\/v2\/comments?post=38118"}],"version-history":[{"count":1,"href":"https:\/\/www.portalalerta.com.br\/index.php\/wp-json\/wp\/v2\/posts\/38118\/revisions"}],"predecessor-version":[{"id":38125,"href":"https:\/\/www.portalalerta.com.br\/index.php\/wp-json\/wp\/v2\/posts\/38118\/revisions\/38125"}],"wp:featuredmedia":[{"embeddable":true,"href":"https:\/\/www.portalalerta.com.br\/index.php\/wp-json\/wp\/v2\/media\/38124"}],"wp:attachment":[{"href":"https:\/\/www.portalalerta.com.br\/index.php\/wp-json\/wp\/v2\/media?parent=38118"}],"wp:term":[{"taxonomy":"category","embeddable":true,"href":"https:\/\/www.portalalerta.com.br\/index.php\/wp-json\/wp\/v2\/categories?post=38118"},{"taxonomy":"post_tag","embeddable":true,"href":"https:\/\/www.portalalerta.com.br\/index.php\/wp-json\/wp\/v2\/tags?post=38118"}],"curies":[{"name":"wp","href":"https:\/\/api.w.org\/{rel}","templated":true}]}}