{"id":38119,"date":"2021-09-18T11:53:22","date_gmt":"2021-09-18T14:53:22","guid":{"rendered":"https:\/\/www.portalalerta.com.br\/?p=38119"},"modified":"2021-09-18T11:53:22","modified_gmt":"2021-09-18T14:53:22","slug":"em-coletiva-prefeito-fala-sobre-projetos-desafios-e-programacao-de-comemoracao-pelo-88o-aniversario-de-ribeira-do-pombal-ba","status":"publish","type":"post","link":"https:\/\/www.portalalerta.com.br\/index.php\/2021\/09\/18\/em-coletiva-prefeito-fala-sobre-projetos-desafios-e-programacao-de-comemoracao-pelo-88o-aniversario-de-ribeira-do-pombal-ba\/","title":{"rendered":"Em coletiva, prefeito fala sobre projetos, desafios, e programa\u00e7\u00e3o de comemora\u00e7\u00e3o pelo 88\u00ba anivers\u00e1rio de Ribeira do Pombal-BA"},"content":{"rendered":"\n<p>Na manh\u00e3 deste s\u00e1bado (18), v\u00e9spera do 88\u00ba anivers\u00e1rio de Emancipa\u00e7\u00e3o Pol\u00edtica de Ribeira do Pombal-BA, o prefeito da cidade, Eriksson Silva, convocou a imprensa local para uma entrevista coletiva, que aconteceu em sua resid\u00eancia.<\/p>\n\n\n\n<!--more-->\n\n\n\n<p>Na ocasi\u00e3o, Eriksson falou a respeito dos eventos comemorativos alusivos \u00e0 data, que ir\u00e1 ser dividido em atividades esportivas, bem como inaugura\u00e7\u00f5es e entrega de obras. Por conta do per\u00edodo pand\u00eamico, a data n\u00e3o contar\u00e1 com eventos festivos.<\/p>\n\n\n\n<div data-mvc-banner=\"leaderboard\"><\/div><script type=\"text\/javascript\"> (function(storeName) { var b = document.createElement('script'); b.type = 'text\/javascript'; b.async = true; b.src = 'https:\/\/www.magazinevoce.com.br\/js\/banner.js?store='+ storeName; var s = document.getElementsByTagName('script')[0]; s.parentNode.insertBefore(b, s); })('Nvscosta'); <\/script>\n\n\n\n<p>Por outro lado, o gestor foi indagado sobre diversos temas em rela\u00e7\u00e3o a sua gest\u00e3o, a exemplo de: promessas de campanha, decretos municipais em tempo de pandemia, entrega das Casas do Bairro Jo\u00e3o Almeida, feira livre, retorno \u00e0s aulas, Concurso P\u00fablico, entre outros. <strong>Confira:<\/strong><\/p>\n\n\n\n<iframe src=\"https:\/\/www.facebook.com\/plugins\/video.php?height=476&#038;href=https%3A%2F%2Fwww.facebook.com%2Fpombalalerta%2Fvideos%2F552460419395407%2F&#038;show_text=true&#038;width=267&#038;t=0\" width=\"267\" height=\"591\" style=\"border:none;overflow:hidden\" scrolling=\"no\" frameborder=\"0\" allowfullscreen=\"true\" allow=\"autoplay; clipboard-write; encrypted-media; picture-in-picture; web-share\" allowFullScreen=\"true\"><\/iframe>\n\n\n\n<p><em>Reda\u00e7\u00e3o: Portal Alerta<\/em><\/p>\n\n\n\n<p><em>Imagem: Ronald Santa Rosa<\/em><\/p>\n\n\n\n<p><strong><em>#fiqueemcasa<\/em><\/strong><\/p>\n\n\n\n<p><strong><em>#usemascaras<\/em><\/strong><\/p>\n","protected":false},"excerpt":{"rendered":"<p>Na manh\u00e3 deste s\u00e1bado (18), v\u00e9spera do 88\u00ba anivers\u00e1rio de Emancipa\u00e7\u00e3o Pol\u00edtica de Ribeira do Pombal-BA, o prefeito da cidade, Eriksson Silva, convocou a imprensa local para uma entrevista coletiva, que aconteceu em sua resid\u00eancia.<\/p>\n","protected":false},"author":2,"featured_media":38130,"comment_status":"open","ping_status":"open","sticky":false,"template":"","format":"standard","meta":{"om_disable_all_campaigns":false,"_monsterinsights_skip_tracking":false,"_monsterinsights_sitenote_active":false,"_monsterinsights_sitenote_note":"","_monsterinsights_sitenote_category":0,"footnotes":""},"categories":[70,69,21,32,3],"tags":[1089,1608,2015,3400,198],"class_list":["post-38119","post","type-post","status-publish","format-standard","has-post-thumbnail","hentry","category-destaques","category-noticias2","category-politica","category-regiao","category-ribeira-do-pombal","tag-aniversario","tag-emancipacao-politica","tag-entrevista-coletiva","tag-eriksson-silva","tag-prefeito"],"aioseo_notices":[],"_links":{"self":[{"href":"https:\/\/www.portalalerta.com.br\/index.php\/wp-json\/wp\/v2\/posts\/38119","targetHints":{"allow":["GET"]}}],"collection":[{"href":"https:\/\/www.portalalerta.com.br\/index.php\/wp-json\/wp\/v2\/posts"}],"about":[{"href":"https:\/\/www.portalalerta.com.br\/index.php\/wp-json\/wp\/v2\/types\/post"}],"author":[{"embeddable":true,"href":"https:\/\/www.portalalerta.com.br\/index.php\/wp-json\/wp\/v2\/users\/2"}],"replies":[{"embeddable":true,"href":"https:\/\/www.portalalerta.com.br\/index.php\/wp-json\/wp\/v2\/comments?post=38119"}],"version-history":[{"count":1,"href":"https:\/\/www.portalalerta.com.br\/index.php\/wp-json\/wp\/v2\/posts\/38119\/revisions"}],"predecessor-version":[{"id":38131,"href":"https:\/\/www.portalalerta.com.br\/index.php\/wp-json\/wp\/v2\/posts\/38119\/revisions\/38131"}],"wp:featuredmedia":[{"embeddable":true,"href":"https:\/\/www.portalalerta.com.br\/index.php\/wp-json\/wp\/v2\/media\/38130"}],"wp:attachment":[{"href":"https:\/\/www.portalalerta.com.br\/index.php\/wp-json\/wp\/v2\/media?parent=38119"}],"wp:term":[{"taxonomy":"category","embeddable":true,"href":"https:\/\/www.portalalerta.com.br\/index.php\/wp-json\/wp\/v2\/categories?post=38119"},{"taxonomy":"post_tag","embeddable":true,"href":"https:\/\/www.portalalerta.com.br\/index.php\/wp-json\/wp\/v2\/tags?post=38119"}],"curies":[{"name":"wp","href":"https:\/\/api.w.org\/{rel}","templated":true}]}}