{"id":38135,"date":"2021-09-19T16:23:30","date_gmt":"2021-09-19T19:23:30","guid":{"rendered":"https:\/\/www.portalalerta.com.br\/?p=38135"},"modified":"2021-09-19T16:23:32","modified_gmt":"2021-09-19T19:23:32","slug":"eventos-com-ate-mil-pessoas-sao-liberados-em-tucano-pelo-decreto-municipal-no-261","status":"publish","type":"post","link":"https:\/\/www.portalalerta.com.br\/index.php\/2021\/09\/19\/eventos-com-ate-mil-pessoas-sao-liberados-em-tucano-pelo-decreto-municipal-no-261\/","title":{"rendered":"Eventos com at\u00e9 mil pessoas s\u00e3o liberados em Tucano pelo Decreto Municipal n\u00ba 261"},"content":{"rendered":"\n<p>Eventos com p\u00fablico de at\u00e9 mil pessoas est\u00e3o liberados em Tucano-BA at\u00e9 o dia 30 de setembro. A autoriza\u00e7\u00e3o foi publicada por meio do<a href=\"http:\/\/www.tucano.ba.gov.br\/wp-content\/uploads\/2021\/09\/DECRETO-no-261-Alteracao-das-Medidas-Restritivas-Permissao-realizacao-de-eventos.pdf\">&nbsp;Decreto Municipal n\u00ba 261<\/a>, esta semana, no Di\u00e1rio Oficial. No entanto, para realiza\u00e7\u00e3o destes, algumas normas devem ser atendidas, cumulativamente, por parte de artistas, equipe t\u00e9cnica e p\u00fablico.<\/p>\n\n\n\n<!--more-->\n\n\n\n<p>De acordo com o documento, para realiza\u00e7\u00e3o do evento ser\u00e1 necess\u00e1ria a comprova\u00e7\u00e3o das duas doses da vacina ou da dose \u00fanica, mediante apresenta\u00e7\u00e3o da caderneta de vacina\u00e7\u00e3o. O distanciamento social deve ser assegurado e o uso de m\u00e1scara mantido.<\/p>\n\n\n\n<div class=\"wp-block-image\"><figure class=\"alignleft size-large\"><img fetchpriority=\"high\" decoding=\"async\" width=\"299\" height=\"300\" src=\"https:\/\/www.portalalerta.com.br\/wp-content\/uploads\/2021\/07\/A-Voz-do-Sertao.1.jpg\" alt=\"\" class=\"wp-image-36575\" srcset=\"https:\/\/www.portalalerta.com.br\/wp-content\/uploads\/2021\/07\/A-Voz-do-Sertao.1.jpg 299w, https:\/\/www.portalalerta.com.br\/wp-content\/uploads\/2021\/07\/A-Voz-do-Sertao.1-239x240.jpg 239w, https:\/\/www.portalalerta.com.br\/wp-content\/uploads\/2021\/07\/A-Voz-do-Sertao.1-146x146.jpg 146w, https:\/\/www.portalalerta.com.br\/wp-content\/uploads\/2021\/07\/A-Voz-do-Sertao.1-50x50.jpg 50w, https:\/\/www.portalalerta.com.br\/wp-content\/uploads\/2021\/07\/A-Voz-do-Sertao.1-75x75.jpg 75w, https:\/\/www.portalalerta.com.br\/wp-content\/uploads\/2021\/07\/A-Voz-do-Sertao.1-85x85.jpg 85w, https:\/\/www.portalalerta.com.br\/wp-content\/uploads\/2021\/07\/A-Voz-do-Sertao.1-80x80.jpg 80w\" sizes=\"(max-width: 299px) 100vw, 299px\" \/><\/figure><\/div>\n\n\n\n<p>Podem ser realizadas cerim\u00f4nias de casamento, formaturas, eventos urbanos e rurais em espa\u00e7os p\u00fablicos ou privados, apresenta\u00e7\u00f5es de circos, passeatas, entre outros. Os eventos esportivos poder\u00e3o ter ocupa\u00e7\u00e3o de p\u00fablico em at\u00e9 50% da capacidade do local em que estiver acontecendo.<\/p>\n\n\n\n<p>Tamb\u00e9m est\u00e3o autorizadas apresenta\u00e7\u00f5es musicais em bares e restaurantes, ao vivo ou no modelo karaok\u00ea, desde que, o p\u00fablico esteja exclusivamente sentado, com quatro pessoas por mesa, sendo proibido juntar mais mesas ou cadeiras. As mesas dever\u00e3o, inclusive, estar respeitando o distanciamento m\u00ednimo de dois metros uma da outra.<\/p>\n\n\n\n<p><strong><em>\u201cO Decreto n\u00ba 261 tem diversas orienta\u00e7\u00f5es sobre a realiza\u00e7\u00e3o desses eventos e \u00e9 importante que os artistas, os estabelecimentos e todas as pessoas envolvidas nesse meio o leiam com aten\u00e7\u00e3o. Mesmo com um contexto mais positivo frente \u00e0 pandemia, ainda precisamos nos manter atentos e cuidadosos\u201d<\/em><\/strong> afirma o vice-prefeito de Tucano, Robson Ferreira.<\/p>\n\n\n\n<p><em>Fonte: Fique Por Dentro Agora<\/em><\/p>\n","protected":false},"excerpt":{"rendered":"<p>Eventos com p\u00fablico de at\u00e9 mil pessoas est\u00e3o liberados em Tucano-BA at\u00e9 o dia 30 de setembro. A autoriza\u00e7\u00e3o foi publicada por meio do&nbsp;Decreto Municipal n\u00ba 261, esta semana, no Di\u00e1rio Oficial. No entanto, para realiza\u00e7\u00e3o destes, algumas normas devem ser atendidas, cumulativamente, por parte de artistas, equipe t\u00e9cnica e p\u00fablico.<\/p>\n","protected":false},"author":2,"featured_media":24981,"comment_status":"open","ping_status":"open","sticky":false,"template":"","format":"standard","meta":{"om_disable_all_campaigns":false,"_monsterinsights_skip_tracking":false,"_monsterinsights_sitenote_active":false,"_monsterinsights_sitenote_note":"","_monsterinsights_sitenote_category":0,"footnotes":""},"categories":[70,36,69,32,19,12],"tags":[3429,3486,2991,3919,1202,61,190],"class_list":["post-38135","post","type-post","status-publish","format-standard","has-post-thumbnail","hentry","category-destaques","category-lazer","category-noticias2","category-regiao","category-saude","category-tucano","tag-coronavirus","tag-covid-19","tag-decreto-municipal","tag-eventos","tag-festas","tag-saude","tag-tucano"],"aioseo_notices":[],"_links":{"self":[{"href":"https:\/\/www.portalalerta.com.br\/index.php\/wp-json\/wp\/v2\/posts\/38135","targetHints":{"allow":["GET"]}}],"collection":[{"href":"https:\/\/www.portalalerta.com.br\/index.php\/wp-json\/wp\/v2\/posts"}],"about":[{"href":"https:\/\/www.portalalerta.com.br\/index.php\/wp-json\/wp\/v2\/types\/post"}],"author":[{"embeddable":true,"href":"https:\/\/www.portalalerta.com.br\/index.php\/wp-json\/wp\/v2\/users\/2"}],"replies":[{"embeddable":true,"href":"https:\/\/www.portalalerta.com.br\/index.php\/wp-json\/wp\/v2\/comments?post=38135"}],"version-history":[{"count":1,"href":"https:\/\/www.portalalerta.com.br\/index.php\/wp-json\/wp\/v2\/posts\/38135\/revisions"}],"predecessor-version":[{"id":38142,"href":"https:\/\/www.portalalerta.com.br\/index.php\/wp-json\/wp\/v2\/posts\/38135\/revisions\/38142"}],"wp:featuredmedia":[{"embeddable":true,"href":"https:\/\/www.portalalerta.com.br\/index.php\/wp-json\/wp\/v2\/media\/24981"}],"wp:attachment":[{"href":"https:\/\/www.portalalerta.com.br\/index.php\/wp-json\/wp\/v2\/media?parent=38135"}],"wp:term":[{"taxonomy":"category","embeddable":true,"href":"https:\/\/www.portalalerta.com.br\/index.php\/wp-json\/wp\/v2\/categories?post=38135"},{"taxonomy":"post_tag","embeddable":true,"href":"https:\/\/www.portalalerta.com.br\/index.php\/wp-json\/wp\/v2\/tags?post=38135"}],"curies":[{"name":"wp","href":"https:\/\/api.w.org\/{rel}","templated":true}]}}