{"id":38136,"date":"2021-09-19T16:12:23","date_gmt":"2021-09-19T19:12:23","guid":{"rendered":"https:\/\/www.portalalerta.com.br\/?p=38136"},"modified":"2021-09-19T16:12:25","modified_gmt":"2021-09-19T19:12:25","slug":"vulcao-cumbre-vieja-entra-em-erupcao-nas-ilhas-canarias","status":"publish","type":"post","link":"https:\/\/www.portalalerta.com.br\/index.php\/2021\/09\/19\/vulcao-cumbre-vieja-entra-em-erupcao-nas-ilhas-canarias\/","title":{"rendered":"Vulc\u00e3o Cumbre Vieja entra em erup\u00e7\u00e3o nas Ilhas Can\u00e1rias"},"content":{"rendered":"\n<p>Mesmo com erup\u00e7\u00e3o, chance de provocar tsunami \u00e9 remota<\/p>\n\n\n\n<!--more-->\n\n\n\n<p><br>Ap\u00f3s ter seu n\u00edvel de alerta alterado h\u00e1 cerca de uma semana, o vulc\u00e3o Cumbre Vieja entrou em erup\u00e7\u00e3o nas Ilhas Can\u00e1rias, no fim da manh\u00e3 deste domingo (19).<\/p>\n\n\n\n<div class=\"wp-block-image\"><figure class=\"alignleft size-large is-resized\"><img fetchpriority=\"high\" decoding=\"async\" src=\"https:\/\/www.portalalerta.com.br\/wp-content\/uploads\/2021\/07\/Real-Calcados-Liquida-Inverno-1-1024x1024.jpeg\" alt=\"\" class=\"wp-image-36890\" width=\"321\" height=\"321\"\/><\/figure><\/div>\n\n\n\n<p>Por volta das 11h15 no Brasil e \u00e0s 15h15 no hor\u00e1rio local, as autoridades anunciaram o in\u00edcio da erup\u00e7\u00e3o. A mudan\u00e7a do grau de alerta sobre o vulc\u00e3o foi respons\u00e1vel pelo surgimento de not\u00edcias sobre um poss\u00edvel tsunami que atingiria o Brasil e a Bahia, caso a erup\u00e7\u00e3o acontecesse. Mesmo com o evento, a chance de provocar tsunami \u00e9 remota&nbsp;<\/p>\n\n\n\n<p>Mais cedo, ainda neste domingo, o governo das Ilhas Can\u00e1rias anunciou que o vulc\u00e3o estava com <strong>&#8220;n\u00edvel de atividade m\u00e1ximo&#8221;<\/strong>. Apesar de ter assustado baianos na \u00faltima semana, mesmo com a erup\u00e7\u00e3o, as chances de ocorrer um tsunami capaz de afetar a Bahia e a costa nordestina s\u00e3o baix\u00edssimas.&nbsp;<\/p>\n\n\n\n<p>\u00c0 reportagem, um especialista explicou que\u00a0a teoria que previa a possibilidade de um tsunami tem 20 anos\u00a0e pouca probabilidade de se concretizar. Uma\u00a0nota t\u00e9cnica assinada por universidades baianas\u00a0tamb\u00e9m detalhou as raz\u00f5es por tr\u00e1s da teoria e do seu baixo risco de ocorrer.<\/p>\n\n\n\n<p><em>Fonte: Metro1<\/em><\/p>\n","protected":false},"excerpt":{"rendered":"<p>Mesmo com erup\u00e7\u00e3o, chance de provocar tsunami \u00e9 remota<\/p>\n","protected":false},"author":2,"featured_media":38140,"comment_status":"open","ping_status":"open","sticky":false,"template":"","format":"standard","meta":{"om_disable_all_campaigns":false,"_monsterinsights_skip_tracking":false,"_monsterinsights_sitenote_active":false,"_monsterinsights_sitenote_note":"","_monsterinsights_sitenote_category":0,"footnotes":""},"categories":[33,34,70,35,69],"tags":[54,93,4886,4885],"class_list":["post-38136","post","type-post","status-publish","format-standard","has-post-thumbnail","hentry","category-bahia","category-brasil","category-destaques","category-mundo","category-noticias2","tag-bahia","tag-brasil","tag-ilhas-canarias","tag-vulcao-cumbre-vieja"],"aioseo_notices":[],"_links":{"self":[{"href":"https:\/\/www.portalalerta.com.br\/index.php\/wp-json\/wp\/v2\/posts\/38136","targetHints":{"allow":["GET"]}}],"collection":[{"href":"https:\/\/www.portalalerta.com.br\/index.php\/wp-json\/wp\/v2\/posts"}],"about":[{"href":"https:\/\/www.portalalerta.com.br\/index.php\/wp-json\/wp\/v2\/types\/post"}],"author":[{"embeddable":true,"href":"https:\/\/www.portalalerta.com.br\/index.php\/wp-json\/wp\/v2\/users\/2"}],"replies":[{"embeddable":true,"href":"https:\/\/www.portalalerta.com.br\/index.php\/wp-json\/wp\/v2\/comments?post=38136"}],"version-history":[{"count":1,"href":"https:\/\/www.portalalerta.com.br\/index.php\/wp-json\/wp\/v2\/posts\/38136\/revisions"}],"predecessor-version":[{"id":38141,"href":"https:\/\/www.portalalerta.com.br\/index.php\/wp-json\/wp\/v2\/posts\/38136\/revisions\/38141"}],"wp:featuredmedia":[{"embeddable":true,"href":"https:\/\/www.portalalerta.com.br\/index.php\/wp-json\/wp\/v2\/media\/38140"}],"wp:attachment":[{"href":"https:\/\/www.portalalerta.com.br\/index.php\/wp-json\/wp\/v2\/media?parent=38136"}],"wp:term":[{"taxonomy":"category","embeddable":true,"href":"https:\/\/www.portalalerta.com.br\/index.php\/wp-json\/wp\/v2\/categories?post=38136"},{"taxonomy":"post_tag","embeddable":true,"href":"https:\/\/www.portalalerta.com.br\/index.php\/wp-json\/wp\/v2\/tags?post=38136"}],"curies":[{"name":"wp","href":"https:\/\/api.w.org\/{rel}","templated":true}]}}