{"id":38145,"date":"2021-09-20T07:03:00","date_gmt":"2021-09-20T10:03:00","guid":{"rendered":"https:\/\/www.portalalerta.com.br\/?p=38145"},"modified":"2021-09-19T17:11:46","modified_gmt":"2021-09-19T20:11:46","slug":"policia-militar-de-tucano-recupera-veiculo-roubado","status":"publish","type":"post","link":"https:\/\/www.portalalerta.com.br\/index.php\/2021\/09\/20\/policia-militar-de-tucano-recupera-veiculo-roubado\/","title":{"rendered":"Pol\u00edcia Militar de Tucano recupera ve\u00edculo roubado"},"content":{"rendered":"\n<p>Na manh\u00e3 desta sexta-feira (17), por volta das 07:20hs, policiais militares da 2\u00aa Cia \/Tucano-BA, recuperaram uma motocicleta roubada. A pol\u00edcia abordou um homem de iniciais D.L.D, que tinha atitudes suspeitas, no povoado Arapu\u00e1.<\/p>\n\n\n\n<!--more-->\n\n\n\n<p>Ap\u00f3s consulta ao sistema de tr\u00e2nsito, foi verificado que a referida motocicleta tinha sido roubada na cidade de Feira de Santana, no dia 04 de junho deste ano.<\/p>\n\n\n\n<p>O suspeito, juntamente com a motocicleta, foi conduzido \u00e0 Delegacia de Pol\u00edcia Civil de Tucano para a ado\u00e7\u00e3o das medidas cab\u00edveis.<\/p>\n\n\n\n<p><em>Fonte: Fique Por Dentro Agora<\/em><\/p>\n","protected":false},"excerpt":{"rendered":"<p>Na manh\u00e3 desta sexta-feira (17), por volta das 07:20hs, policiais militares da 2\u00aa Cia \/Tucano-BA, recuperaram uma motocicleta roubada. A pol\u00edcia abordou um homem de iniciais D.L.D, que tinha atitudes suspeitas, no povoado Arapu\u00e1.<\/p>\n","protected":false},"author":2,"featured_media":38152,"comment_status":"open","ping_status":"open","sticky":false,"template":"","format":"standard","meta":{"om_disable_all_campaigns":false,"_monsterinsights_skip_tracking":false,"_monsterinsights_sitenote_active":false,"_monsterinsights_sitenote_note":"","_monsterinsights_sitenote_category":0,"footnotes":""},"categories":[70,69,32,22,12],"tags":[79,101,190,102],"class_list":["post-38145","post","type-post","status-publish","format-standard","has-post-thumbnail","hentry","category-destaques","category-noticias2","category-regiao","category-seguranca","category-tucano","tag-policia-militar","tag-roubo-de-moto","tag-tucano","tag-veiculo-recuperado"],"aioseo_notices":[],"_links":{"self":[{"href":"https:\/\/www.portalalerta.com.br\/index.php\/wp-json\/wp\/v2\/posts\/38145","targetHints":{"allow":["GET"]}}],"collection":[{"href":"https:\/\/www.portalalerta.com.br\/index.php\/wp-json\/wp\/v2\/posts"}],"about":[{"href":"https:\/\/www.portalalerta.com.br\/index.php\/wp-json\/wp\/v2\/types\/post"}],"author":[{"embeddable":true,"href":"https:\/\/www.portalalerta.com.br\/index.php\/wp-json\/wp\/v2\/users\/2"}],"replies":[{"embeddable":true,"href":"https:\/\/www.portalalerta.com.br\/index.php\/wp-json\/wp\/v2\/comments?post=38145"}],"version-history":[{"count":1,"href":"https:\/\/www.portalalerta.com.br\/index.php\/wp-json\/wp\/v2\/posts\/38145\/revisions"}],"predecessor-version":[{"id":38153,"href":"https:\/\/www.portalalerta.com.br\/index.php\/wp-json\/wp\/v2\/posts\/38145\/revisions\/38153"}],"wp:featuredmedia":[{"embeddable":true,"href":"https:\/\/www.portalalerta.com.br\/index.php\/wp-json\/wp\/v2\/media\/38152"}],"wp:attachment":[{"href":"https:\/\/www.portalalerta.com.br\/index.php\/wp-json\/wp\/v2\/media?parent=38145"}],"wp:term":[{"taxonomy":"category","embeddable":true,"href":"https:\/\/www.portalalerta.com.br\/index.php\/wp-json\/wp\/v2\/categories?post=38145"},{"taxonomy":"post_tag","embeddable":true,"href":"https:\/\/www.portalalerta.com.br\/index.php\/wp-json\/wp\/v2\/tags?post=38145"}],"curies":[{"name":"wp","href":"https:\/\/api.w.org\/{rel}","templated":true}]}}