{"id":38157,"date":"2021-09-20T16:57:53","date_gmt":"2021-09-20T19:57:53","guid":{"rendered":"https:\/\/www.portalalerta.com.br\/?p=38157"},"modified":"2021-09-20T16:57:55","modified_gmt":"2021-09-20T19:57:55","slug":"medicos-ameacam-demissao-em-massa-no-ministerio-da-saude","status":"publish","type":"post","link":"https:\/\/www.portalalerta.com.br\/index.php\/2021\/09\/20\/medicos-ameacam-demissao-em-massa-no-ministerio-da-saude\/","title":{"rendered":"M\u00e9dicos amea\u00e7am demiss\u00e3o em massa no Minist\u00e9rio da Sa\u00fade"},"content":{"rendered":"\n<p>Profissionais n\u00e3o aprovam recuo da pasta em rela\u00e7\u00e3o \u00e0 vacina\u00e7\u00e3o de adolescentes<\/p>\n\n\n\n<!--more-->\n\n\n\n<p><br>M\u00e9dicos que assessoram o Minist\u00e9rio da Sa\u00fade amea\u00e7am deixar os cargos na C\u00e2mara T\u00e9cnica da pasta&nbsp;caso o ministro Marcelo Queiroga n\u00e3o volte atr\u00e1s na decis\u00e3o de suspender a vacina\u00e7\u00e3o de adolescentes. Os especialistas fizeram o an\u00fancio depois de reuni\u00e3o nesta sexta-feira (17). Os cientistas e pesquisadores afirmam que n\u00e3o foram consultados e que o Minist\u00e9rio da Sa\u00fade usou dados equivocados.<\/p>\n\n\n\n<div class=\"wp-block-image\"><figure class=\"alignleft size-large is-resized\"><img fetchpriority=\"high\" decoding=\"async\" src=\"https:\/\/www.portalalerta.com.br\/wp-content\/uploads\/2021\/04\/ELAB.jpg\" alt=\"\" class=\"wp-image-34795\" width=\"260\" height=\"208\" srcset=\"https:\/\/www.portalalerta.com.br\/wp-content\/uploads\/2021\/04\/ELAB.jpg 1000w, https:\/\/www.portalalerta.com.br\/wp-content\/uploads\/2021\/04\/ELAB-300x240.jpg 300w, https:\/\/www.portalalerta.com.br\/wp-content\/uploads\/2021\/04\/ELAB-768x614.jpg 768w, https:\/\/www.portalalerta.com.br\/wp-content\/uploads\/2021\/04\/ELAB-183x146.jpg 183w, https:\/\/www.portalalerta.com.br\/wp-content\/uploads\/2021\/04\/ELAB-50x40.jpg 50w, https:\/\/www.portalalerta.com.br\/wp-content\/uploads\/2021\/04\/ELAB-94x75.jpg 94w\" sizes=\"(max-width: 260px) 100vw, 260px\" \/><\/figure><\/div>\n\n\n\n<p>Apesar da recomenda\u00e7\u00e3o da pasta federal, 20 estados e o Distrito Federal j\u00e1 retomaram a imuniza\u00e7\u00e3o da faixa et\u00e1ria. Capitais como Porto Velho, S\u00e3o Paulo e Salvador retomaram a aplica\u00e7\u00e3o das doses nos adolescentes ap\u00f3s an\u00e1lise dos dados. Na capital baiana, a vacina\u00e7\u00e3o dos menores de idade ficou suspensa por dois dias.<\/p>\n\n\n\n<p>A orienta\u00e7\u00e3o do Minist\u00e9rio da Sa\u00fade \u00e9 de que a vacina\u00e7\u00e3o estaria suspensa para esta faixa por n\u00e3o ser recomendada pela Organiza\u00e7\u00e3o Mundial de Sa\u00fade (OMS). A informa\u00e7\u00e3o, contida na \u00faltima nota t\u00e9cnica. &nbsp;divulgada pela pasta federal, contudo, \u00e9 falsa &nbsp;A orienta\u00e7\u00e3o da OMS \u00e9 que no caso dos adolescentes entre 12 e 15 anos, a vacina seja aplicada quando a cobertura vacinal estiver alta nos grupos priorit\u00e1rios.<\/p>\n\n\n\n<p><em>Fonte: Metro1<\/em><\/p>\n","protected":false},"excerpt":{"rendered":"<p>Profissionais n\u00e3o aprovam recuo da pasta em rela\u00e7\u00e3o \u00e0 vacina\u00e7\u00e3o de adolescentes<\/p>\n","protected":false},"author":2,"featured_media":32420,"comment_status":"open","ping_status":"open","sticky":false,"template":"","format":"standard","meta":{"om_disable_all_campaigns":false,"_monsterinsights_skip_tracking":false,"_monsterinsights_sitenote_active":false,"_monsterinsights_sitenote_note":"","_monsterinsights_sitenote_category":0,"footnotes":""},"categories":[34,70,69,19],"tags":[1222,93,3429,3486,1690,61,371],"class_list":["post-38157","post","type-post","status-publish","format-standard","has-post-thumbnail","hentry","category-brasil","category-destaques","category-noticias2","category-saude","tag-adolescente","tag-brasil","tag-coronavirus","tag-covid-19","tag-medicos","tag-saude","tag-vacinacao"],"aioseo_notices":[],"_links":{"self":[{"href":"https:\/\/www.portalalerta.com.br\/index.php\/wp-json\/wp\/v2\/posts\/38157","targetHints":{"allow":["GET"]}}],"collection":[{"href":"https:\/\/www.portalalerta.com.br\/index.php\/wp-json\/wp\/v2\/posts"}],"about":[{"href":"https:\/\/www.portalalerta.com.br\/index.php\/wp-json\/wp\/v2\/types\/post"}],"author":[{"embeddable":true,"href":"https:\/\/www.portalalerta.com.br\/index.php\/wp-json\/wp\/v2\/users\/2"}],"replies":[{"embeddable":true,"href":"https:\/\/www.portalalerta.com.br\/index.php\/wp-json\/wp\/v2\/comments?post=38157"}],"version-history":[{"count":1,"href":"https:\/\/www.portalalerta.com.br\/index.php\/wp-json\/wp\/v2\/posts\/38157\/revisions"}],"predecessor-version":[{"id":38161,"href":"https:\/\/www.portalalerta.com.br\/index.php\/wp-json\/wp\/v2\/posts\/38157\/revisions\/38161"}],"wp:featuredmedia":[{"embeddable":true,"href":"https:\/\/www.portalalerta.com.br\/index.php\/wp-json\/wp\/v2\/media\/32420"}],"wp:attachment":[{"href":"https:\/\/www.portalalerta.com.br\/index.php\/wp-json\/wp\/v2\/media?parent=38157"}],"wp:term":[{"taxonomy":"category","embeddable":true,"href":"https:\/\/www.portalalerta.com.br\/index.php\/wp-json\/wp\/v2\/categories?post=38157"},{"taxonomy":"post_tag","embeddable":true,"href":"https:\/\/www.portalalerta.com.br\/index.php\/wp-json\/wp\/v2\/tags?post=38157"}],"curies":[{"name":"wp","href":"https:\/\/api.w.org\/{rel}","templated":true}]}}