{"id":38158,"date":"2021-09-20T17:04:09","date_gmt":"2021-09-20T20:04:09","guid":{"rendered":"https:\/\/www.portalalerta.com.br\/?p=38158"},"modified":"2021-09-20T17:04:10","modified_gmt":"2021-09-20T20:04:10","slug":"adelmo-pegacao-e-o-mais-novo-talento-da-musica-em-ribeira-do-pombal-ba","status":"publish","type":"post","link":"https:\/\/www.portalalerta.com.br\/index.php\/2021\/09\/20\/adelmo-pegacao-e-o-mais-novo-talento-da-musica-em-ribeira-do-pombal-ba\/","title":{"rendered":"Adelmo Pega\u00e7\u00e3o \u00e9 o mais novo talento da m\u00fasica, em Ribeira do Pombal-BA"},"content":{"rendered":"\n<p>Mais um jovem talento de Ribeira do Pombal-BA se destaca na m\u00fasica da regi\u00e3o. Adelmo Pega\u00e7\u00e3o j\u00e1 tem mais de 140 mil plays e downloads de suas m\u00fasicas, dispon\u00edveis na plataforma Sua M\u00fasica.<\/p>\n\n\n\n<!--more-->\n\n\n\n<div class=\"wp-block-image\"><figure class=\"aligncenter size-large\"><img fetchpriority=\"high\" decoding=\"async\" width=\"720\" height=\"181\" src=\"https:\/\/www.portalalerta.com.br\/wp-content\/uploads\/2018\/02\/Auto-Escola-Nobre.jpg\" alt=\"\" class=\"wp-image-4869\" srcset=\"https:\/\/www.portalalerta.com.br\/wp-content\/uploads\/2018\/02\/Auto-Escola-Nobre.jpg 720w, https:\/\/www.portalalerta.com.br\/wp-content\/uploads\/2018\/02\/Auto-Escola-Nobre-260x65.jpg 260w, https:\/\/www.portalalerta.com.br\/wp-content\/uploads\/2018\/02\/Auto-Escola-Nobre-50x13.jpg 50w, https:\/\/www.portalalerta.com.br\/wp-content\/uploads\/2018\/02\/Auto-Escola-Nobre-150x38.jpg 150w\" sizes=\"(max-width: 720px) 100vw, 720px\" \/><\/figure><\/div>\n\n\n\n<p>Adelmo Pega\u00e7\u00e3o vende ovos durante o dia na regi\u00e3o, e a noite canta. J\u00e1 participou do Programa Se Liga no Pida da TV Aratu, e tem dois clips no YOU TUBE, das m\u00fasicas Rapariga e Profissional da Ilus\u00e3o.<\/p>\n\n\n\n<p>Um show para ninguem ficar parado. Telefone para contato <strong>Ribeira do Pombal 75.9 9857 8262 e Helder Salvador 71.98806 7973.<\/strong><\/p>\n\n\n\n<p><em>Fonte: Web R\u00e1dio Di\u00e1rio<\/em><\/p>\n","protected":false},"excerpt":{"rendered":"<p>Mais um jovem talento de Ribeira do Pombal-BA se destaca na m\u00fasica da regi\u00e3o. Adelmo Pega\u00e7\u00e3o j\u00e1 tem mais de 140 mil plays e downloads de suas m\u00fasicas, dispon\u00edveis na plataforma Sua M\u00fasica.<\/p>\n","protected":false},"author":2,"featured_media":38162,"comment_status":"open","ping_status":"open","sticky":false,"template":"","format":"standard","meta":{"om_disable_all_campaigns":false,"_monsterinsights_skip_tracking":false,"_monsterinsights_sitenote_active":false,"_monsterinsights_sitenote_note":"","_monsterinsights_sitenote_category":0,"footnotes":""},"categories":[70,69,32,3],"tags":[4887,1554,47],"class_list":["post-38158","post","type-post","status-publish","format-standard","has-post-thumbnail","hentry","category-destaques","category-noticias2","category-regiao","category-ribeira-do-pombal","tag-adelmo-pegacao","tag-musica","tag-ribeira-do-pombal"],"aioseo_notices":[],"_links":{"self":[{"href":"https:\/\/www.portalalerta.com.br\/index.php\/wp-json\/wp\/v2\/posts\/38158","targetHints":{"allow":["GET"]}}],"collection":[{"href":"https:\/\/www.portalalerta.com.br\/index.php\/wp-json\/wp\/v2\/posts"}],"about":[{"href":"https:\/\/www.portalalerta.com.br\/index.php\/wp-json\/wp\/v2\/types\/post"}],"author":[{"embeddable":true,"href":"https:\/\/www.portalalerta.com.br\/index.php\/wp-json\/wp\/v2\/users\/2"}],"replies":[{"embeddable":true,"href":"https:\/\/www.portalalerta.com.br\/index.php\/wp-json\/wp\/v2\/comments?post=38158"}],"version-history":[{"count":1,"href":"https:\/\/www.portalalerta.com.br\/index.php\/wp-json\/wp\/v2\/posts\/38158\/revisions"}],"predecessor-version":[{"id":38163,"href":"https:\/\/www.portalalerta.com.br\/index.php\/wp-json\/wp\/v2\/posts\/38158\/revisions\/38163"}],"wp:featuredmedia":[{"embeddable":true,"href":"https:\/\/www.portalalerta.com.br\/index.php\/wp-json\/wp\/v2\/media\/38162"}],"wp:attachment":[{"href":"https:\/\/www.portalalerta.com.br\/index.php\/wp-json\/wp\/v2\/media?parent=38158"}],"wp:term":[{"taxonomy":"category","embeddable":true,"href":"https:\/\/www.portalalerta.com.br\/index.php\/wp-json\/wp\/v2\/categories?post=38158"},{"taxonomy":"post_tag","embeddable":true,"href":"https:\/\/www.portalalerta.com.br\/index.php\/wp-json\/wp\/v2\/tags?post=38158"}],"curies":[{"name":"wp","href":"https:\/\/api.w.org\/{rel}","templated":true}]}}