{"id":38160,"date":"2021-09-20T17:08:31","date_gmt":"2021-09-20T20:08:31","guid":{"rendered":"https:\/\/www.portalalerta.com.br\/?p=38160"},"modified":"2021-09-20T17:08:32","modified_gmt":"2021-09-20T20:08:32","slug":"comissao-intergestores-bipartite-da-bahia-recomenda-retomada-imediata-da-vacinacao-de-adolescentes-contra-a-covid-19","status":"publish","type":"post","link":"https:\/\/www.portalalerta.com.br\/index.php\/2021\/09\/20\/comissao-intergestores-bipartite-da-bahia-recomenda-retomada-imediata-da-vacinacao-de-adolescentes-contra-a-covid-19\/","title":{"rendered":"Comiss\u00e3o Intergestores Bipartite da Bahia recomenda retomada imediata da vacina\u00e7\u00e3o de adolescentes contra a Covid-19"},"content":{"rendered":"\n<p>Os 417 munic\u00edpios da Bahia devem retomar imediatamente a vacina\u00e7\u00e3o de adolescentes de 12 a 17 anos contra a Covid-19, independentemente de terem ou n\u00e3o comorbidades ou defici\u00eancia permanente. A decis\u00e3o da Comiss\u00e3o Intergestores Bipartite da Bahia (CIB), que \u00e9 uma inst\u00e2ncia deliberativa do SUS e re\u00fane representantes de todos os munic\u00edpios baianos e o Estado, foi tomada na manh\u00e3 desta sexta-feira (17).<\/p>\n\n\n\n<!--more-->\n\n\n\n<div class=\"wp-block-image\"><figure class=\"alignleft size-large is-resized\"><img fetchpriority=\"high\" decoding=\"async\" src=\"https:\/\/www.portalalerta.com.br\/wp-content\/uploads\/2021\/07\/Real-Calcados-Liquida-Inverno-1-1024x1024.jpeg\" alt=\"\" class=\"wp-image-36890\" width=\"317\" height=\"317\"\/><\/figure><\/div>\n\n\n\n<p>A medida \u00e9 sustentada por evid\u00eancias cient\u00edficas e manifesta\u00e7\u00f5es de diversas entidades nacionais e internacionais, incluindo a Ag\u00eancia Nacional de Vigil\u00e2ncia Sanit\u00e1ria (Anvisa). \u201cO Minist\u00e9rio da Sa\u00fade implementou unilateralmente decis\u00f5es sem respaldo t\u00e9cnico e cient\u00edfico. Diferente da posi\u00e7\u00e3o ministerial, a Bahia reuniu especialistas, a exemplo da presidente da Sociedade Baiana de Infectologia, Miralba Freire, bem como do diretor da Sociedade Brasileira de Infectologia, Ant\u00f4nio Bandeira. Ambos refutam a iniciativa do Minist\u00e9rio da Sa\u00fade de suspender a vacina\u00e7\u00e3o de adolescentes sem comorbidade ou defici\u00eancia permanente\u201d, ressalta a secret\u00e1ria da Sa\u00fade da Bahia em exerc\u00edcio, Tereza Paim.<\/p>\n\n\n\n<p>Outras entidades, como o Conselho Nacional de Secret\u00e1rios de Sa\u00fade (Conass) e o Conselho Nacional de Secretarias Municipais de Sa\u00fade (Conasems), tamb\u00e9m se posicionaram contr\u00e1rias a decis\u00e3o do Minist\u00e9rio da Sa\u00fade.<\/p>\n\n\n\n<p>At\u00e9 esta sexta-feira (17), a Bahia vacinou 129.284 adolescentes com idade de 12 a 17 anos, sendo 109.704 sem comorbidades, 16.437 com comorbidades, 1.856 com defici\u00eancia permanente e 1.287 adolescentes gestantes e pu\u00e9rperas.<\/p>\n\n\n\n<p><em>Fonte: Arildo Leone<\/em><\/p>\n","protected":false},"excerpt":{"rendered":"<p>Os 417 munic\u00edpios da Bahia devem retomar imediatamente a vacina\u00e7\u00e3o de adolescentes de 12 a 17 anos contra a Covid-19, independentemente de terem ou n\u00e3o comorbidades ou defici\u00eancia permanente. A decis\u00e3o da Comiss\u00e3o Intergestores Bipartite da Bahia (CIB), que \u00e9 uma inst\u00e2ncia deliberativa do SUS e re\u00fane representantes de todos os munic\u00edpios baianos e o &hellip;<\/p>\n","protected":false},"author":2,"featured_media":38124,"comment_status":"open","ping_status":"open","sticky":false,"template":"","format":"standard","meta":{"om_disable_all_campaigns":false,"_monsterinsights_skip_tracking":false,"_monsterinsights_sitenote_active":false,"_monsterinsights_sitenote_note":"","_monsterinsights_sitenote_category":0,"footnotes":""},"categories":[33,70,69,19],"tags":[54,4425,3429,3486,4244,61,3570,371],"class_list":["post-38160","post","type-post","status-publish","format-standard","has-post-thumbnail","hentry","category-bahia","category-destaques","category-noticias2","category-saude","tag-bahia","tag-coronavirus-2","tag-coronavirus","tag-covid-19","tag-covid19","tag-saude","tag-vacina","tag-vacinacao"],"aioseo_notices":[],"_links":{"self":[{"href":"https:\/\/www.portalalerta.com.br\/index.php\/wp-json\/wp\/v2\/posts\/38160","targetHints":{"allow":["GET"]}}],"collection":[{"href":"https:\/\/www.portalalerta.com.br\/index.php\/wp-json\/wp\/v2\/posts"}],"about":[{"href":"https:\/\/www.portalalerta.com.br\/index.php\/wp-json\/wp\/v2\/types\/post"}],"author":[{"embeddable":true,"href":"https:\/\/www.portalalerta.com.br\/index.php\/wp-json\/wp\/v2\/users\/2"}],"replies":[{"embeddable":true,"href":"https:\/\/www.portalalerta.com.br\/index.php\/wp-json\/wp\/v2\/comments?post=38160"}],"version-history":[{"count":1,"href":"https:\/\/www.portalalerta.com.br\/index.php\/wp-json\/wp\/v2\/posts\/38160\/revisions"}],"predecessor-version":[{"id":38164,"href":"https:\/\/www.portalalerta.com.br\/index.php\/wp-json\/wp\/v2\/posts\/38160\/revisions\/38164"}],"wp:featuredmedia":[{"embeddable":true,"href":"https:\/\/www.portalalerta.com.br\/index.php\/wp-json\/wp\/v2\/media\/38124"}],"wp:attachment":[{"href":"https:\/\/www.portalalerta.com.br\/index.php\/wp-json\/wp\/v2\/media?parent=38160"}],"wp:term":[{"taxonomy":"category","embeddable":true,"href":"https:\/\/www.portalalerta.com.br\/index.php\/wp-json\/wp\/v2\/categories?post=38160"},{"taxonomy":"post_tag","embeddable":true,"href":"https:\/\/www.portalalerta.com.br\/index.php\/wp-json\/wp\/v2\/tags?post=38160"}],"curies":[{"name":"wp","href":"https:\/\/api.w.org\/{rel}","templated":true}]}}