{"id":38167,"date":"2021-09-20T23:19:11","date_gmt":"2021-09-21T02:19:11","guid":{"rendered":"https:\/\/www.portalalerta.com.br\/?p=38167"},"modified":"2021-09-20T23:19:12","modified_gmt":"2021-09-21T02:19:12","slug":"datafolha-para-75-da-populacao-bolsonaro-tem-responsabilidade-pela-alta-dos-precos","status":"publish","type":"post","link":"https:\/\/www.portalalerta.com.br\/index.php\/2021\/09\/20\/datafolha-para-75-da-populacao-bolsonaro-tem-responsabilidade-pela-alta-dos-precos\/","title":{"rendered":"Datafolha: para 75% da popula\u00e7\u00e3o, Bolsonaro tem responsabilidade pela alta dos pre\u00e7os"},"content":{"rendered":"\n<p>Tamb\u00e9m para 71%, ele \u00e9 ao menos parcialmente respons\u00e1vel pelo aumento do desemprego no pa\u00eds<\/p>\n\n\n\n<!--more-->\n\n\n\n<p>Para tr\u00eas em cada quatro brasileiros, o governo Bolsonaro tem responsabilidade pela alta da infla\u00e7\u00e3o nos \u00faltimos meses e para 71% tamb\u00e9m \u00e9 ao menos parcialmente respons\u00e1vel pelo aumento do desemprego no pa\u00eds. O dado foi divulgado pelo Datafolha.<\/p>\n\n\n\n<div class=\"wp-block-image\"><figure class=\"alignleft size-large is-resized\"><img fetchpriority=\"high\" decoding=\"async\" src=\"https:\/\/www.portalalerta.com.br\/wp-content\/uploads\/2021\/04\/ELAB.jpg\" alt=\"\" class=\"wp-image-34795\" width=\"297\" height=\"237\" srcset=\"https:\/\/www.portalalerta.com.br\/wp-content\/uploads\/2021\/04\/ELAB.jpg 1000w, https:\/\/www.portalalerta.com.br\/wp-content\/uploads\/2021\/04\/ELAB-300x240.jpg 300w, https:\/\/www.portalalerta.com.br\/wp-content\/uploads\/2021\/04\/ELAB-768x614.jpg 768w, https:\/\/www.portalalerta.com.br\/wp-content\/uploads\/2021\/04\/ELAB-183x146.jpg 183w, https:\/\/www.portalalerta.com.br\/wp-content\/uploads\/2021\/04\/ELAB-50x40.jpg 50w, https:\/\/www.portalalerta.com.br\/wp-content\/uploads\/2021\/04\/ELAB-94x75.jpg 94w\" sizes=\"(max-width: 297px) 100vw, 297px\" \/><\/figure><\/div>\n\n\n\n<p>No tocante \u00e0 infla\u00e7\u00e3o, que j\u00e1 chegou aos 9,68% no acumulado em 12 meses at\u00e9 agosto segundo o \u00cdndice Nacional de Pre\u00e7os ao Consumidor Amplo (IPCA), 41% dos entrevistados afirmam que o governo de Jair Bolsonaro tem muita responsabilidade pelo aumento dos pre\u00e7os.<\/p>\n\n\n\n<p>Outros 34% dizem que o governo tem um pouco de responsabilidade. Para 23%, n\u00e3o tem nenhuma, e 2% n\u00e3o sabem.<\/p>\n\n\n\n<p>Entre os brasileiros que classificam a gest\u00e3o de Bolsonaro como \u00f3tima ou boa, 30% reputam ao presidente muita responsabilidade pela subida de pre\u00e7os e 45%, alguma responsabilidade.<\/p>\n\n\n\n<p><em>Fonte: Metro1<\/em><\/p>\n","protected":false},"excerpt":{"rendered":"<p>Tamb\u00e9m para 71%, ele \u00e9 ao menos parcialmente respons\u00e1vel pelo aumento do desemprego no pa\u00eds<\/p>\n","protected":false},"author":2,"featured_media":32720,"comment_status":"open","ping_status":"open","sticky":false,"template":"","format":"standard","meta":{"om_disable_all_campaigns":false,"_monsterinsights_skip_tracking":false,"_monsterinsights_sitenote_active":false,"_monsterinsights_sitenote_note":"","_monsterinsights_sitenote_category":0,"footnotes":""},"categories":[34,70,69,21],"tags":[93,1702,1395,335,1152],"class_list":["post-38167","post","type-post","status-publish","format-standard","has-post-thumbnail","hentry","category-brasil","category-destaques","category-noticias2","category-politica","tag-brasil","tag-datafolha","tag-jair-bolsonaro","tag-pesquisa","tag-presidente-da-republica"],"aioseo_notices":[],"_links":{"self":[{"href":"https:\/\/www.portalalerta.com.br\/index.php\/wp-json\/wp\/v2\/posts\/38167","targetHints":{"allow":["GET"]}}],"collection":[{"href":"https:\/\/www.portalalerta.com.br\/index.php\/wp-json\/wp\/v2\/posts"}],"about":[{"href":"https:\/\/www.portalalerta.com.br\/index.php\/wp-json\/wp\/v2\/types\/post"}],"author":[{"embeddable":true,"href":"https:\/\/www.portalalerta.com.br\/index.php\/wp-json\/wp\/v2\/users\/2"}],"replies":[{"embeddable":true,"href":"https:\/\/www.portalalerta.com.br\/index.php\/wp-json\/wp\/v2\/comments?post=38167"}],"version-history":[{"count":1,"href":"https:\/\/www.portalalerta.com.br\/index.php\/wp-json\/wp\/v2\/posts\/38167\/revisions"}],"predecessor-version":[{"id":38171,"href":"https:\/\/www.portalalerta.com.br\/index.php\/wp-json\/wp\/v2\/posts\/38167\/revisions\/38171"}],"wp:featuredmedia":[{"embeddable":true,"href":"https:\/\/www.portalalerta.com.br\/index.php\/wp-json\/wp\/v2\/media\/32720"}],"wp:attachment":[{"href":"https:\/\/www.portalalerta.com.br\/index.php\/wp-json\/wp\/v2\/media?parent=38167"}],"wp:term":[{"taxonomy":"category","embeddable":true,"href":"https:\/\/www.portalalerta.com.br\/index.php\/wp-json\/wp\/v2\/categories?post=38167"},{"taxonomy":"post_tag","embeddable":true,"href":"https:\/\/www.portalalerta.com.br\/index.php\/wp-json\/wp\/v2\/tags?post=38167"}],"curies":[{"name":"wp","href":"https:\/\/api.w.org\/{rel}","templated":true}]}}