{"id":38168,"date":"2021-09-20T23:26:48","date_gmt":"2021-09-21T02:26:48","guid":{"rendered":"https:\/\/www.portalalerta.com.br\/?p=38168"},"modified":"2021-09-20T23:26:49","modified_gmt":"2021-09-21T02:26:49","slug":"mais-uma-casa-do-programa-morar-melhor-e-entregue-em-ribeira-do-pombal-ba","status":"publish","type":"post","link":"https:\/\/www.portalalerta.com.br\/index.php\/2021\/09\/20\/mais-uma-casa-do-programa-morar-melhor-e-entregue-em-ribeira-do-pombal-ba\/","title":{"rendered":"Mais uma casa do Programa Morar Melhor, \u00e9 entregue em Ribeira do Pombal-BA"},"content":{"rendered":"\n<p>Durante a Programa\u00e7\u00e3o do Anivers\u00e1rio dos 88 anos de Emancipa\u00e7\u00e3o Pol\u00edtica de Ribeira do Pombal-BA foi entregue mais uma casa do Programa Morar Melhor. Dessa vez, o Morar Melhor esteve no bairro Pombalzinho, onde transformou a casa e a vida de 13 pessoas da fam\u00edlia de Dona Maria do Carmo.<\/p>\n\n\n\n<!--more-->\n\n\n\n<div class=\"wp-block-image\"><figure class=\"aligncenter size-large\"><img fetchpriority=\"high\" decoding=\"async\" width=\"720\" height=\"181\" src=\"https:\/\/www.portalalerta.com.br\/wp-content\/uploads\/2018\/02\/Auto-Escola-Nobre.jpg\" alt=\"\" class=\"wp-image-4869\" srcset=\"https:\/\/www.portalalerta.com.br\/wp-content\/uploads\/2018\/02\/Auto-Escola-Nobre.jpg 720w, https:\/\/www.portalalerta.com.br\/wp-content\/uploads\/2018\/02\/Auto-Escola-Nobre-260x65.jpg 260w, https:\/\/www.portalalerta.com.br\/wp-content\/uploads\/2018\/02\/Auto-Escola-Nobre-50x13.jpg 50w, https:\/\/www.portalalerta.com.br\/wp-content\/uploads\/2018\/02\/Auto-Escola-Nobre-150x38.jpg 150w\" sizes=\"(max-width: 720px) 100vw, 720px\" \/><\/figure><\/div>\n\n\n\n<p><strong><em>&#8220;Ela recebeu seu im\u00f3vel completamente renovado e mobiliado. Mais um sonho que tornamos realidade&#8221;<\/em><\/strong> diz o Prefeito Eriksson Silva. O Morar Melhor continua e dentro em breves novas casas ser\u00e3o reformadas e entregues a seus moradores, devidamente mobiliada.<\/p>\n\n\n\n<p>Lembrando que este Programa e custeado com recursos pr\u00f3prios do munic\u00edpio, atrav\u00e9s da Secret\u00e1ria de Assist\u00eancia Social. As reformas em mais duas casas est\u00e3o em andamento para serem entregues em breve.<\/p>\n\n\n\n<p><em>Fonte: Joilson Costa<\/em><\/p>\n","protected":false},"excerpt":{"rendered":"<p>Durante a Programa\u00e7\u00e3o do Anivers\u00e1rio dos 88 anos de Emancipa\u00e7\u00e3o Pol\u00edtica de Ribeira do Pombal-BA foi entregue mais uma casa do Programa Morar Melhor. Dessa vez, o Morar Melhor esteve no bairro Pombalzinho, onde transformou a casa e a vida de 13 pessoas da fam\u00edlia de Dona Maria do Carmo.<\/p>\n","protected":false},"author":2,"featured_media":38172,"comment_status":"open","ping_status":"open","sticky":false,"template":"","format":"standard","meta":{"om_disable_all_campaigns":false,"_monsterinsights_skip_tracking":false,"_monsterinsights_sitenote_active":false,"_monsterinsights_sitenote_note":"","_monsterinsights_sitenote_category":0,"footnotes":""},"categories":[70,69,21,32,3],"tags":[3400,802,145,47],"class_list":["post-38168","post","type-post","status-publish","format-standard","has-post-thumbnail","hentry","category-destaques","category-noticias2","category-politica","category-regiao","category-ribeira-do-pombal","tag-eriksson-silva","tag-morar-melhor","tag-prefeitura","tag-ribeira-do-pombal"],"aioseo_notices":[],"_links":{"self":[{"href":"https:\/\/www.portalalerta.com.br\/index.php\/wp-json\/wp\/v2\/posts\/38168","targetHints":{"allow":["GET"]}}],"collection":[{"href":"https:\/\/www.portalalerta.com.br\/index.php\/wp-json\/wp\/v2\/posts"}],"about":[{"href":"https:\/\/www.portalalerta.com.br\/index.php\/wp-json\/wp\/v2\/types\/post"}],"author":[{"embeddable":true,"href":"https:\/\/www.portalalerta.com.br\/index.php\/wp-json\/wp\/v2\/users\/2"}],"replies":[{"embeddable":true,"href":"https:\/\/www.portalalerta.com.br\/index.php\/wp-json\/wp\/v2\/comments?post=38168"}],"version-history":[{"count":1,"href":"https:\/\/www.portalalerta.com.br\/index.php\/wp-json\/wp\/v2\/posts\/38168\/revisions"}],"predecessor-version":[{"id":38173,"href":"https:\/\/www.portalalerta.com.br\/index.php\/wp-json\/wp\/v2\/posts\/38168\/revisions\/38173"}],"wp:featuredmedia":[{"embeddable":true,"href":"https:\/\/www.portalalerta.com.br\/index.php\/wp-json\/wp\/v2\/media\/38172"}],"wp:attachment":[{"href":"https:\/\/www.portalalerta.com.br\/index.php\/wp-json\/wp\/v2\/media?parent=38168"}],"wp:term":[{"taxonomy":"category","embeddable":true,"href":"https:\/\/www.portalalerta.com.br\/index.php\/wp-json\/wp\/v2\/categories?post=38168"},{"taxonomy":"post_tag","embeddable":true,"href":"https:\/\/www.portalalerta.com.br\/index.php\/wp-json\/wp\/v2\/tags?post=38168"}],"curies":[{"name":"wp","href":"https:\/\/api.w.org\/{rel}","templated":true}]}}