{"id":38331,"date":"2021-09-28T19:02:00","date_gmt":"2021-09-28T22:02:00","guid":{"rendered":"https:\/\/www.portalalerta.com.br\/?p=38331"},"modified":"2021-09-28T16:54:57","modified_gmt":"2021-09-28T19:54:57","slug":"campanha-de-fux-por-mendonca-incomoda-ministros-do-stf-que-temem-volta-do-lavajatismo","status":"publish","type":"post","link":"https:\/\/www.portalalerta.com.br\/index.php\/2021\/09\/28\/campanha-de-fux-por-mendonca-incomoda-ministros-do-stf-que-temem-volta-do-lavajatismo\/","title":{"rendered":"Campanha de Fux por Mendon\u00e7a incomoda ministros do STF, que temem volta do lavajatismo"},"content":{"rendered":"\n<p>Presidente da corte tem pressionado o Senado para que vote indica\u00e7\u00e3o de Jair Bolsonaro<\/p>\n\n\n\n<!--more-->\n\n\n\n<p>A press\u00e3o do presidente do Supremo Tribunal Federal (STF), Luiz Fux, para que o Senado vote a indica\u00e7\u00e3o de Andr\u00e9 Mendon\u00e7a para a Corte incomodou colegas dele no tribunal. A informa\u00e7\u00e3o \u00e9 da colunista M\u00f4nica Bergamo, do jornal Folha de S. Paulo.<\/p>\n\n\n\n<p>Segundo a publica\u00e7\u00e3o, eles afirmam acreditar&nbsp;que Fux est\u00e1 em campanha pela aprova\u00e7\u00e3o de Mendon\u00e7a por causa do perfil lavajatista do ex-advogado-geral da Uni\u00e3o, indicado ao cargo por Jair Bolsonaro.<\/p>\n\n\n\n<p>Uma vez no STF, Mendon\u00e7a se uniria a magistrados derrotados para reverter o resultado de vota\u00e7\u00f5es sobre temas que representaram derrotas para a Lava Jato.<\/p>\n\n\n\n<p>O principal rev\u00e9s institucional para a opera\u00e7\u00e3o foi a derrota da possibilidade de pris\u00e3o depois de condena\u00e7\u00e3o em segunda inst\u00e2ncia na Justi\u00e7a. O placar foi apertado: 6 a 5. Mendon\u00e7a poderia virar o jogo.<\/p>\n\n\n\n<p>A outra decis\u00e3o que contrariou os lavajatistas foi a de permitir que a Justi\u00e7a Eleitoral julgue casos de corrup\u00e7\u00e3o nas elei\u00e7\u00f5es. Eles preferiam que as den\u00fancias seguissem tramitando na Justi\u00e7a Federal.<\/p>\n\n\n\n<p><em>Fonte: Metro1<\/em><\/p>\n","protected":false},"excerpt":{"rendered":"<p>Presidente da corte tem pressionado o Senado para que vote indica\u00e7\u00e3o de Jair Bolsonaro<\/p>\n","protected":false},"author":2,"featured_media":17649,"comment_status":"open","ping_status":"open","sticky":false,"template":"","format":"standard","meta":{"om_disable_all_campaigns":false,"_monsterinsights_skip_tracking":false,"_monsterinsights_sitenote_active":false,"_monsterinsights_sitenote_note":"","_monsterinsights_sitenote_category":0,"footnotes":""},"categories":[34,70,69],"tags":[3610,93,247,1588,216],"class_list":["post-38331","post","type-post","status-publish","format-standard","has-post-thumbnail","hentry","category-brasil","category-destaques","category-noticias2","tag-andre-mendonca","tag-brasil","tag-lava-jato","tag-luiz-fux","tag-stf"],"aioseo_notices":[],"_links":{"self":[{"href":"https:\/\/www.portalalerta.com.br\/index.php\/wp-json\/wp\/v2\/posts\/38331","targetHints":{"allow":["GET"]}}],"collection":[{"href":"https:\/\/www.portalalerta.com.br\/index.php\/wp-json\/wp\/v2\/posts"}],"about":[{"href":"https:\/\/www.portalalerta.com.br\/index.php\/wp-json\/wp\/v2\/types\/post"}],"author":[{"embeddable":true,"href":"https:\/\/www.portalalerta.com.br\/index.php\/wp-json\/wp\/v2\/users\/2"}],"replies":[{"embeddable":true,"href":"https:\/\/www.portalalerta.com.br\/index.php\/wp-json\/wp\/v2\/comments?post=38331"}],"version-history":[{"count":1,"href":"https:\/\/www.portalalerta.com.br\/index.php\/wp-json\/wp\/v2\/posts\/38331\/revisions"}],"predecessor-version":[{"id":38336,"href":"https:\/\/www.portalalerta.com.br\/index.php\/wp-json\/wp\/v2\/posts\/38331\/revisions\/38336"}],"wp:featuredmedia":[{"embeddable":true,"href":"https:\/\/www.portalalerta.com.br\/index.php\/wp-json\/wp\/v2\/media\/17649"}],"wp:attachment":[{"href":"https:\/\/www.portalalerta.com.br\/index.php\/wp-json\/wp\/v2\/media?parent=38331"}],"wp:term":[{"taxonomy":"category","embeddable":true,"href":"https:\/\/www.portalalerta.com.br\/index.php\/wp-json\/wp\/v2\/categories?post=38331"},{"taxonomy":"post_tag","embeddable":true,"href":"https:\/\/www.portalalerta.com.br\/index.php\/wp-json\/wp\/v2\/tags?post=38331"}],"curies":[{"name":"wp","href":"https:\/\/api.w.org\/{rel}","templated":true}]}}