{"id":38785,"date":"2021-10-22T17:31:48","date_gmt":"2021-10-22T20:31:48","guid":{"rendered":"https:\/\/www.portalalerta.com.br\/?p=38785"},"modified":"2021-10-22T17:31:49","modified_gmt":"2021-10-22T20:31:49","slug":"homem-e-preso-com-arma-de-fogo-apos-furtar-fios-em-propriedade-rural-de-vereador-em-tucano-ba-receptador-tambem-foi-preso","status":"publish","type":"post","link":"https:\/\/www.portalalerta.com.br\/index.php\/2021\/10\/22\/homem-e-preso-com-arma-de-fogo-apos-furtar-fios-em-propriedade-rural-de-vereador-em-tucano-ba-receptador-tambem-foi-preso\/","title":{"rendered":"Homem \u00e9 preso com arma de fogo ap\u00f3s furtar fios em propriedade rural de vereador em Tucano-BA. Receptador tamb\u00e9m foi preso!"},"content":{"rendered":"\n<p>No in\u00edcio da tarde da \u00faltima quinta-feira (21), policiais militares da 2\u00aa CIA\/ Tucano-BA, foram procurados por um vereador da cidade, que afirmou que sua propriedade rural tinha sido invadida por um criminoso, tendo alguns fios de energia el\u00e9trica furtados pelo mesmo.<\/p>\n\n\n\n<!--more-->\n\n\n\n<p>Na ocasi\u00e3o, o vereador afirmou ter sido informado a respeito da suposta autoria. Com os dados em m\u00e3os, os policiais foram at\u00e9 a resid\u00eancia do suspeito, identificado pelas iniciais I de J.A, situada no Distrito de Jorrinho, onde encontrou ao mesmo. O rapaz confirmou ter praticado o furto, bem como relatou que vendeu o produto do furto para uma empresa de reciclagem, por um valor de R$ 130,00. Al\u00e9m disso, o criminoso afirmou ter uma arma de fogo, sendo uma espingarda (soca-soca).<\/p>\n\n\n\n<p>Desta forma, todos foram at\u00e9 a empresa de reciclagem, onde foram apreendidos 6kg de cobre, que seriam dos fios furtados da propriedade do vereador.<\/p>\n\n\n\n<p>Todos os envolvidos, bem como o cobre e a arma de fogo apreendidos, foram conduzidos e apresentados na Delegacia de Pol\u00edcia Civil para a ado\u00e7\u00e3o das medidas cab\u00edveis.<\/p>\n\n\n\n<p><em>Reda\u00e7\u00e3o: Portal Alerta<\/em><\/p>\n","protected":false},"excerpt":{"rendered":"<p>No in\u00edcio da tarde da \u00faltima quinta-feira (21), policiais militares da 2\u00aa CIA\/ Tucano-BA, foram procurados por um vereador da cidade, que afirmou que sua propriedade rural tinha sido invadida por um criminoso, tendo alguns fios de energia el\u00e9trica furtados pelo mesmo.<\/p>\n","protected":false},"author":2,"featured_media":38790,"comment_status":"open","ping_status":"open","sticky":false,"template":"","format":"standard","meta":{"om_disable_all_campaigns":false,"_monsterinsights_skip_tracking":false,"_monsterinsights_sitenote_active":false,"_monsterinsights_sitenote_note":"","_monsterinsights_sitenote_category":0,"footnotes":""},"categories":[70,69,32,22,12],"tags":[85,1220,79,83,110,119,190],"class_list":["post-38785","post","type-post","status-publish","format-standard","has-post-thumbnail","hentry","category-destaques","category-noticias2","category-regiao","category-seguranca","category-tucano","tag-furto","tag-jorrinho","tag-policia-militar","tag-porte-ilegal-de-arma-de-fogo","tag-presos","tag-receptacao","tag-tucano"],"aioseo_notices":[],"_links":{"self":[{"href":"https:\/\/www.portalalerta.com.br\/index.php\/wp-json\/wp\/v2\/posts\/38785","targetHints":{"allow":["GET"]}}],"collection":[{"href":"https:\/\/www.portalalerta.com.br\/index.php\/wp-json\/wp\/v2\/posts"}],"about":[{"href":"https:\/\/www.portalalerta.com.br\/index.php\/wp-json\/wp\/v2\/types\/post"}],"author":[{"embeddable":true,"href":"https:\/\/www.portalalerta.com.br\/index.php\/wp-json\/wp\/v2\/users\/2"}],"replies":[{"embeddable":true,"href":"https:\/\/www.portalalerta.com.br\/index.php\/wp-json\/wp\/v2\/comments?post=38785"}],"version-history":[{"count":1,"href":"https:\/\/www.portalalerta.com.br\/index.php\/wp-json\/wp\/v2\/posts\/38785\/revisions"}],"predecessor-version":[{"id":38791,"href":"https:\/\/www.portalalerta.com.br\/index.php\/wp-json\/wp\/v2\/posts\/38785\/revisions\/38791"}],"wp:featuredmedia":[{"embeddable":true,"href":"https:\/\/www.portalalerta.com.br\/index.php\/wp-json\/wp\/v2\/media\/38790"}],"wp:attachment":[{"href":"https:\/\/www.portalalerta.com.br\/index.php\/wp-json\/wp\/v2\/media?parent=38785"}],"wp:term":[{"taxonomy":"category","embeddable":true,"href":"https:\/\/www.portalalerta.com.br\/index.php\/wp-json\/wp\/v2\/categories?post=38785"},{"taxonomy":"post_tag","embeddable":true,"href":"https:\/\/www.portalalerta.com.br\/index.php\/wp-json\/wp\/v2\/tags?post=38785"}],"curies":[{"name":"wp","href":"https:\/\/api.w.org\/{rel}","templated":true}]}}