{"id":38792,"date":"2021-10-22T19:38:35","date_gmt":"2021-10-22T22:38:35","guid":{"rendered":"https:\/\/www.portalalerta.com.br\/?p=38792"},"modified":"2021-10-22T19:38:36","modified_gmt":"2021-10-22T22:38:36","slug":"israel-detecta-caso-de-mutacao-da-variante-delta-do-coronavirus-em-menino-de-11-anos","status":"publish","type":"post","link":"https:\/\/www.portalalerta.com.br\/index.php\/2021\/10\/22\/israel-detecta-caso-de-mutacao-da-variante-delta-do-coronavirus-em-menino-de-11-anos\/","title":{"rendered":"Israel detecta caso de muta\u00e7\u00e3o da variante Delta do coronav\u00edrus em menino de 11 anos"},"content":{"rendered":"\n<p>Um caso de muta\u00e7\u00e3o da variante Delta do coronav\u00edrus foi identificada pelo Minist\u00e9rio da Sa\u00fade de Israel. Pa\u00edses europeus, como o Reino Unido, tamb\u00e9m j\u00e1 detectaram a cepa. A informa\u00e7\u00e3o foi divulgada pelo minist\u00e9rio em um comunicado. A cepa est\u00e1 sendo chamada de \u201cAY4.2.<\/p>\n\n\n\n<!--more-->\n\n\n\n<div class=\"wp-block-image\"><figure class=\"alignleft size-large is-resized\"><img fetchpriority=\"high\" decoding=\"async\" src=\"https:\/\/www.portalalerta.com.br\/wp-content\/uploads\/2021\/04\/ELAB.jpg\" alt=\"\" class=\"wp-image-34795\" width=\"311\" height=\"249\" srcset=\"https:\/\/www.portalalerta.com.br\/wp-content\/uploads\/2021\/04\/ELAB.jpg 1000w, https:\/\/www.portalalerta.com.br\/wp-content\/uploads\/2021\/04\/ELAB-300x240.jpg 300w, https:\/\/www.portalalerta.com.br\/wp-content\/uploads\/2021\/04\/ELAB-768x614.jpg 768w, https:\/\/www.portalalerta.com.br\/wp-content\/uploads\/2021\/04\/ELAB-183x146.jpg 183w, https:\/\/www.portalalerta.com.br\/wp-content\/uploads\/2021\/04\/ELAB-50x40.jpg 50w, https:\/\/www.portalalerta.com.br\/wp-content\/uploads\/2021\/04\/ELAB-94x75.jpg 94w\" sizes=\"(max-width: 311px) 100vw, 311px\" \/><\/figure><\/div>\n\n\n\n<p>De acordo com o G1, a muta\u00e7\u00e3o foi detectada em um paciente de 11 anos que viajou \u00e0 Europa, e o caso foi identificado no aeroporto Ben Gurion, na capital Tel Aviv. A crian\u00e7a foi colocada em quarentena e, at\u00e9 o momento, n\u00e3o foi detectado nenhum caso de contato.<\/p>\n\n\n\n<p>Fran\u00e7ois Balloux, professor de Biologia Computacional no<\/p>\n\n\n\n<p>Especialistas da University College de Londres, em entrevista \u00e0 France Presse, sinalizam que muta\u00e7\u00e3o \u00e9 rara e n\u00e3o parece representar o mesmo risco que outras cepas, que se revelaram muito contagiosas.<\/p>\n\n\n\n<p>At\u00e9 o momento, a AY4.2 n\u00e3o \u00e9 considerada uma variante de preocupa\u00e7\u00e3o global nem uma variante de aten\u00e7\u00e3o pela OMS (Organiza\u00e7\u00e3o Mundial da Sa\u00fade).<\/p>\n\n\n\n<p><em>Fonte: Bahia Not\u00edcias<\/em><\/p>\n","protected":false},"excerpt":{"rendered":"<p>Um caso de muta\u00e7\u00e3o da variante Delta do coronav\u00edrus foi identificada pelo Minist\u00e9rio da Sa\u00fade de Israel. Pa\u00edses europeus, como o Reino Unido, tamb\u00e9m j\u00e1 detectaram a cepa. A informa\u00e7\u00e3o foi divulgada pelo minist\u00e9rio em um comunicado. A cepa est\u00e1 sendo chamada de \u201cAY4.2.<\/p>\n","protected":false},"author":2,"featured_media":33850,"comment_status":"open","ping_status":"open","sticky":false,"template":"","format":"standard","meta":{"om_disable_all_campaigns":false,"_monsterinsights_skip_tracking":false,"_monsterinsights_sitenote_active":false,"_monsterinsights_sitenote_note":"","_monsterinsights_sitenote_category":0,"footnotes":""},"categories":[70,35,69,19],"tags":[5018,3429,3486,4876,339,4101,61,4212],"class_list":["post-38792","post","type-post","status-publish","format-standard","has-post-thumbnail","hentry","category-destaques","category-mundo","category-noticias2","category-saude","tag-ay4-2","tag-coronavirus","tag-covid-19","tag-delta","tag-mundo","tag-mutacao","tag-saude","tag-variante"],"aioseo_notices":[],"_links":{"self":[{"href":"https:\/\/www.portalalerta.com.br\/index.php\/wp-json\/wp\/v2\/posts\/38792","targetHints":{"allow":["GET"]}}],"collection":[{"href":"https:\/\/www.portalalerta.com.br\/index.php\/wp-json\/wp\/v2\/posts"}],"about":[{"href":"https:\/\/www.portalalerta.com.br\/index.php\/wp-json\/wp\/v2\/types\/post"}],"author":[{"embeddable":true,"href":"https:\/\/www.portalalerta.com.br\/index.php\/wp-json\/wp\/v2\/users\/2"}],"replies":[{"embeddable":true,"href":"https:\/\/www.portalalerta.com.br\/index.php\/wp-json\/wp\/v2\/comments?post=38792"}],"version-history":[{"count":1,"href":"https:\/\/www.portalalerta.com.br\/index.php\/wp-json\/wp\/v2\/posts\/38792\/revisions"}],"predecessor-version":[{"id":38796,"href":"https:\/\/www.portalalerta.com.br\/index.php\/wp-json\/wp\/v2\/posts\/38792\/revisions\/38796"}],"wp:featuredmedia":[{"embeddable":true,"href":"https:\/\/www.portalalerta.com.br\/index.php\/wp-json\/wp\/v2\/media\/33850"}],"wp:attachment":[{"href":"https:\/\/www.portalalerta.com.br\/index.php\/wp-json\/wp\/v2\/media?parent=38792"}],"wp:term":[{"taxonomy":"category","embeddable":true,"href":"https:\/\/www.portalalerta.com.br\/index.php\/wp-json\/wp\/v2\/categories?post=38792"},{"taxonomy":"post_tag","embeddable":true,"href":"https:\/\/www.portalalerta.com.br\/index.php\/wp-json\/wp\/v2\/tags?post=38792"}],"curies":[{"name":"wp","href":"https:\/\/api.w.org\/{rel}","templated":true}]}}