{"id":38794,"date":"2021-10-22T20:21:59","date_gmt":"2021-10-22T23:21:59","guid":{"rendered":"https:\/\/www.portalalerta.com.br\/?p=38794"},"modified":"2021-10-22T20:22:00","modified_gmt":"2021-10-22T23:22:00","slug":"acusado-de-ter-cometido-estupro-de-vulneravel-coletivo-em-ribeira-do-pombal-ba-e-preso-em-sao-paulo","status":"publish","type":"post","link":"https:\/\/www.portalalerta.com.br\/index.php\/2021\/10\/22\/acusado-de-ter-cometido-estupro-de-vulneravel-coletivo-em-ribeira-do-pombal-ba-e-preso-em-sao-paulo\/","title":{"rendered":"Acusado de ter cometido estupro de vulner\u00e1vel coletivo em Ribeira do Pombal-BA, \u00e9 preso em S\u00e3o Paulo"},"content":{"rendered":"\n<p>Por volta das 15:20hs da \u00faltima quinta-feira (21), policiais militares do Estado de S\u00e3o Paulo, prenderam um homem apontado como um dos autores de um estupro coletivo cometido contra uma adolescente em Ribeira do Pombal-BA.<\/p>\n\n\n\n<!--more-->\n\n\n\n<div class=\"wp-block-image\"><figure class=\"alignleft size-large\"><img fetchpriority=\"high\" decoding=\"async\" width=\"299\" height=\"300\" src=\"https:\/\/www.portalalerta.com.br\/wp-content\/uploads\/2021\/07\/A-Voz-do-Sertao.1.jpg\" alt=\"\" class=\"wp-image-36575\" srcset=\"https:\/\/www.portalalerta.com.br\/wp-content\/uploads\/2021\/07\/A-Voz-do-Sertao.1.jpg 299w, https:\/\/www.portalalerta.com.br\/wp-content\/uploads\/2021\/07\/A-Voz-do-Sertao.1-239x240.jpg 239w, https:\/\/www.portalalerta.com.br\/wp-content\/uploads\/2021\/07\/A-Voz-do-Sertao.1-146x146.jpg 146w, https:\/\/www.portalalerta.com.br\/wp-content\/uploads\/2021\/07\/A-Voz-do-Sertao.1-50x50.jpg 50w, https:\/\/www.portalalerta.com.br\/wp-content\/uploads\/2021\/07\/A-Voz-do-Sertao.1-75x75.jpg 75w, https:\/\/www.portalalerta.com.br\/wp-content\/uploads\/2021\/07\/A-Voz-do-Sertao.1-85x85.jpg 85w, https:\/\/www.portalalerta.com.br\/wp-content\/uploads\/2021\/07\/A-Voz-do-Sertao.1-80x80.jpg 80w\" sizes=\"(max-width: 299px) 100vw, 299px\" \/><\/figure><\/div>\n\n\n\n<p>De acordo com informa\u00e7\u00f5es, o crime aconteceu em maio de 2005, e a garota de apenas 13 anos, teria revelado \u00e0 sua genitora, que os autores do crime seriam Naldo e In\u00e1cio (irm\u00e3os), al\u00e9m de outro homem cuja identidade n\u00e3o foi divulgada pela pol\u00edcia. Ap\u00f3s o crime, apenas o criminoso que n\u00e3o teve o nome divulgado, foi preso e cumpriu sua pena. J\u00e1 os irm\u00e3os fugiram, sendo que In\u00e1cio foi preso em julho do corrente ano em Franca, interior paulista.<\/p>\n\n\n\n<p>J\u00e1 nesta quinta-feira, \u201cNaldo\u201d foi preso quando se encontrava na Avenida Senador Teot\u00f4nio Vilela, S\u00e3o Paulo-BA, onde atuava como Digital Influencer.<\/p>\n\n\n\n<p>O estuprador foi conduzido e apresentado na 101\u00aa Delegacia de Pol\u00edcia Civil, onde se encontra \u00e0 disposi\u00e7\u00e3o da justi\u00e7a baiana. As investiga\u00e7\u00f5es contaram com a participa\u00e7\u00e3o de policiais civis da 25\u00aa COORPIN (Euclides da Cunha).<\/p>\n\n\n\n<p><em>Reda\u00e7\u00e3o: Portal Alerta<\/em><\/p>\n","protected":false},"excerpt":{"rendered":"<p>Por volta das 15:20hs da \u00faltima quinta-feira (21), policiais militares do Estado de S\u00e3o Paulo, prenderam um homem apontado como um dos autores de um estupro coletivo cometido contra uma adolescente em Ribeira do Pombal-BA.<\/p>\n","protected":false},"author":2,"featured_media":20171,"comment_status":"open","ping_status":"open","sticky":false,"template":"","format":"standard","meta":{"om_disable_all_campaigns":false,"_monsterinsights_skip_tracking":false,"_monsterinsights_sitenote_active":false,"_monsterinsights_sitenote_note":"","_monsterinsights_sitenote_category":0,"footnotes":""},"categories":[34,70,69,32,3,22],"tags":[557,93,3230,438,488,122,79,77,404],"class_list":["post-38794","post","type-post","status-publish","format-standard","has-post-thumbnail","hentry","category-brasil","category-destaques","category-noticias2","category-regiao","category-ribeira-do-pombal","category-seguranca","tag-25a-coorpin","tag-brasil","tag-estupro-coletivo","tag-estupro-de-vulneravel","tag-mandado-de-prisao","tag-policia-civil","tag-policia-militar","tag-preso","tag-sao-paulo"],"aioseo_notices":[],"_links":{"self":[{"href":"https:\/\/www.portalalerta.com.br\/index.php\/wp-json\/wp\/v2\/posts\/38794","targetHints":{"allow":["GET"]}}],"collection":[{"href":"https:\/\/www.portalalerta.com.br\/index.php\/wp-json\/wp\/v2\/posts"}],"about":[{"href":"https:\/\/www.portalalerta.com.br\/index.php\/wp-json\/wp\/v2\/types\/post"}],"author":[{"embeddable":true,"href":"https:\/\/www.portalalerta.com.br\/index.php\/wp-json\/wp\/v2\/users\/2"}],"replies":[{"embeddable":true,"href":"https:\/\/www.portalalerta.com.br\/index.php\/wp-json\/wp\/v2\/comments?post=38794"}],"version-history":[{"count":1,"href":"https:\/\/www.portalalerta.com.br\/index.php\/wp-json\/wp\/v2\/posts\/38794\/revisions"}],"predecessor-version":[{"id":38800,"href":"https:\/\/www.portalalerta.com.br\/index.php\/wp-json\/wp\/v2\/posts\/38794\/revisions\/38800"}],"wp:featuredmedia":[{"embeddable":true,"href":"https:\/\/www.portalalerta.com.br\/index.php\/wp-json\/wp\/v2\/media\/20171"}],"wp:attachment":[{"href":"https:\/\/www.portalalerta.com.br\/index.php\/wp-json\/wp\/v2\/media?parent=38794"}],"wp:term":[{"taxonomy":"category","embeddable":true,"href":"https:\/\/www.portalalerta.com.br\/index.php\/wp-json\/wp\/v2\/categories?post=38794"},{"taxonomy":"post_tag","embeddable":true,"href":"https:\/\/www.portalalerta.com.br\/index.php\/wp-json\/wp\/v2\/tags?post=38794"}],"curies":[{"name":"wp","href":"https:\/\/api.w.org\/{rel}","templated":true}]}}