{"id":38802,"date":"2021-10-23T20:56:48","date_gmt":"2021-10-23T23:56:48","guid":{"rendered":"https:\/\/www.portalalerta.com.br\/?p=38802"},"modified":"2021-10-23T20:56:50","modified_gmt":"2021-10-23T23:56:50","slug":"desaprovacao-a-bolsonaro-e-de-53-aponta-pesquisa-exame-ideia","status":"publish","type":"post","link":"https:\/\/www.portalalerta.com.br\/index.php\/2021\/10\/23\/desaprovacao-a-bolsonaro-e-de-53-aponta-pesquisa-exame-ideia\/","title":{"rendered":"Desaprova\u00e7\u00e3o a Bolsonaro \u00e9 de 53%, aponta pesquisa EXAME\/IDEIA"},"content":{"rendered":"\n<p>Pesquisa EXAME\/IDEIA divulgada nesta sexta-feira (22) mostra que a desaprova\u00e7\u00e3o dos eleitores brasileiros \u00e0 gest\u00e3o de\u00a0Jair Bolsonaro\u00a0na Presid\u00eancia da Rep\u00fablica \u00e9 de 53%. O n\u00famero daqueles que avalia o trabalho do presidente como \u00f3timo ou bom \u00e9 de 23% e como regular, de 21%.<\/p>\n\n\n\n<!--more-->\n\n\n\n<p>Pelo levantamento, o recorde de desaprova\u00e7\u00e3o foi registrado em julho, quando 57% avaliaram o governo negativamente.<\/p>\n\n\n\n<p>O resultado vem em um momento em que relat\u00f3rio da\u00a0Comiss\u00e3o Parlamentar de Inqu\u00e9rito (CPI) da Covid no Senado\u00a0apontou erros do governo na condu\u00e7\u00e3o da pandemia e casos de corrup\u00e7\u00e3o envolvendo a compra de vacinas contra a covid-19. O documento tamb\u00e9m pede o indiciamento do presidente Jair Bolsonaro e mais 65 pessoas, entre as quais os filhos do presidente, ministros e ex-ministros.<\/p>\n\n\n\n<div class=\"wp-block-image\"><figure class=\"aligncenter size-large\"><img fetchpriority=\"high\" decoding=\"async\" width=\"720\" height=\"181\" src=\"https:\/\/www.portalalerta.com.br\/wp-content\/uploads\/2018\/02\/Auto-Escola-Nobre.jpg\" alt=\"\" class=\"wp-image-4869\" srcset=\"https:\/\/www.portalalerta.com.br\/wp-content\/uploads\/2018\/02\/Auto-Escola-Nobre.jpg 720w, https:\/\/www.portalalerta.com.br\/wp-content\/uploads\/2018\/02\/Auto-Escola-Nobre-260x65.jpg 260w, https:\/\/www.portalalerta.com.br\/wp-content\/uploads\/2018\/02\/Auto-Escola-Nobre-50x13.jpg 50w, https:\/\/www.portalalerta.com.br\/wp-content\/uploads\/2018\/02\/Auto-Escola-Nobre-150x38.jpg 150w\" sizes=\"(max-width: 720px) 100vw, 720px\" \/><\/figure><\/div>\n\n\n\n<p>Na economia, o n\u00famero de desempregados atingiu 14,1 milh\u00f5es de pessoas, segundo dados do IBGE (Instituto Brasileiro de Geografia e Estat\u00edstica).<\/p>\n\n\n\n<p>A pesquisa EXAME\/IDEIA foi realizada de 18 a 21 de outubro, com 1.295 pessoas, ouvidas por telefone. A margem de erro \u00e9 de 3 pontos percentuais para mais ou para menos.<\/p>\n\n\n\n<p><em>Fonte: yahoo Not\u00edcias<\/em><\/p>\n","protected":false},"excerpt":{"rendered":"<p>Pesquisa EXAME\/IDEIA divulgada nesta sexta-feira (22) mostra que a desaprova\u00e7\u00e3o dos eleitores brasileiros \u00e0 gest\u00e3o de\u00a0Jair Bolsonaro\u00a0na Presid\u00eancia da Rep\u00fablica \u00e9 de 53%. O n\u00famero daqueles que avalia o trabalho do presidente como \u00f3timo ou bom \u00e9 de 23% e como regular, de 21%.<\/p>\n","protected":false},"author":2,"featured_media":32720,"comment_status":"open","ping_status":"open","sticky":false,"template":"","format":"standard","meta":{"om_disable_all_campaigns":false,"_monsterinsights_skip_tracking":false,"_monsterinsights_sitenote_active":false,"_monsterinsights_sitenote_note":"","_monsterinsights_sitenote_category":0,"footnotes":""},"categories":[34,70,69,21],"tags":[93,249,1395,335,199,1152],"class_list":["post-38802","post","type-post","status-publish","format-standard","has-post-thumbnail","hentry","category-brasil","category-destaques","category-noticias2","category-politica","tag-brasil","tag-governo-federal","tag-jair-bolsonaro","tag-pesquisa","tag-politica","tag-presidente-da-republica"],"aioseo_notices":[],"_links":{"self":[{"href":"https:\/\/www.portalalerta.com.br\/index.php\/wp-json\/wp\/v2\/posts\/38802","targetHints":{"allow":["GET"]}}],"collection":[{"href":"https:\/\/www.portalalerta.com.br\/index.php\/wp-json\/wp\/v2\/posts"}],"about":[{"href":"https:\/\/www.portalalerta.com.br\/index.php\/wp-json\/wp\/v2\/types\/post"}],"author":[{"embeddable":true,"href":"https:\/\/www.portalalerta.com.br\/index.php\/wp-json\/wp\/v2\/users\/2"}],"replies":[{"embeddable":true,"href":"https:\/\/www.portalalerta.com.br\/index.php\/wp-json\/wp\/v2\/comments?post=38802"}],"version-history":[{"count":1,"href":"https:\/\/www.portalalerta.com.br\/index.php\/wp-json\/wp\/v2\/posts\/38802\/revisions"}],"predecessor-version":[{"id":38809,"href":"https:\/\/www.portalalerta.com.br\/index.php\/wp-json\/wp\/v2\/posts\/38802\/revisions\/38809"}],"wp:featuredmedia":[{"embeddable":true,"href":"https:\/\/www.portalalerta.com.br\/index.php\/wp-json\/wp\/v2\/media\/32720"}],"wp:attachment":[{"href":"https:\/\/www.portalalerta.com.br\/index.php\/wp-json\/wp\/v2\/media?parent=38802"}],"wp:term":[{"taxonomy":"category","embeddable":true,"href":"https:\/\/www.portalalerta.com.br\/index.php\/wp-json\/wp\/v2\/categories?post=38802"},{"taxonomy":"post_tag","embeddable":true,"href":"https:\/\/www.portalalerta.com.br\/index.php\/wp-json\/wp\/v2\/tags?post=38802"}],"curies":[{"name":"wp","href":"https:\/\/api.w.org\/{rel}","templated":true}]}}