{"id":38803,"date":"2021-10-23T21:12:12","date_gmt":"2021-10-24T00:12:12","guid":{"rendered":"https:\/\/www.portalalerta.com.br\/?p=38803"},"modified":"2021-10-23T21:12:13","modified_gmt":"2021-10-24T00:12:13","slug":"apos-quatro-meses-preso-justica-concede-liberdade-a-dj-ivis","status":"publish","type":"post","link":"https:\/\/www.portalalerta.com.br\/index.php\/2021\/10\/23\/apos-quatro-meses-preso-justica-concede-liberdade-a-dj-ivis\/","title":{"rendered":"Ap\u00f3s quatro meses preso, Justi\u00e7a concede liberdade a DJ Ivis"},"content":{"rendered":"\n<p>A Justi\u00e7a do Cear\u00e1 concedeu liberdade, nesta sexta-feira (22\/10), a DJ Ivis ap\u00f3s 4 meses de pris\u00e3o por agress\u00e3o dom\u00e9stica.<\/p>\n\n\n\n<!--more-->\n\n\n\n<p>Iverson de Souza Ara\u00fajo, conhecido como DJ Ivis, foi preso no dia 14 de julho, depois que v\u00eddeos de agress\u00f5es contra a ex-mulher, Pamella Holanda, foram divulgados por ela nas redes sociais. A pris\u00e3o aconteceu em um condom\u00ednio de luxo em Aquiraz, na Regi\u00e3o Metropolitana de Fortaleza.<\/p>\n\n\n\n<p>Com a decis\u00e3o, o cantor e produtor poder\u00e1 responder em liberdade aos processos. Ele \u00e9 investigado pelos crimes de les\u00e3o corporal, amea\u00e7a e inj\u00faria no \u00e2mbito da&nbsp;viol\u00eancia dom\u00e9stica.<\/p>\n\n\n\n<p><br><em>Fonte: R\u00e1dio Web Di\u00e1rio<br><\/em><em>Com informa\u00e7\u00f5es: L\u00e9o Dias<\/em><\/p>\n","protected":false},"excerpt":{"rendered":"<p>A Justi\u00e7a do Cear\u00e1 concedeu liberdade, nesta sexta-feira (22\/10), a DJ Ivis ap\u00f3s 4 meses de pris\u00e3o por agress\u00e3o dom\u00e9stica.<\/p>\n","protected":false},"author":2,"featured_media":36656,"comment_status":"open","ping_status":"open","sticky":false,"template":"","format":"standard","meta":{"om_disable_all_campaigns":false,"_monsterinsights_skip_tracking":false,"_monsterinsights_sitenote_active":false,"_monsterinsights_sitenote_note":"","_monsterinsights_sitenote_category":0,"footnotes":""},"categories":[34,70,69,22],"tags":[93,529,4665,218],"class_list":["post-38803","post","type-post","status-publish","format-standard","has-post-thumbnail","hentry","category-brasil","category-destaques","category-noticias2","category-seguranca","tag-brasil","tag-ceara","tag-dj-ivis","tag-liberdade"],"aioseo_notices":[],"_links":{"self":[{"href":"https:\/\/www.portalalerta.com.br\/index.php\/wp-json\/wp\/v2\/posts\/38803","targetHints":{"allow":["GET"]}}],"collection":[{"href":"https:\/\/www.portalalerta.com.br\/index.php\/wp-json\/wp\/v2\/posts"}],"about":[{"href":"https:\/\/www.portalalerta.com.br\/index.php\/wp-json\/wp\/v2\/types\/post"}],"author":[{"embeddable":true,"href":"https:\/\/www.portalalerta.com.br\/index.php\/wp-json\/wp\/v2\/users\/2"}],"replies":[{"embeddable":true,"href":"https:\/\/www.portalalerta.com.br\/index.php\/wp-json\/wp\/v2\/comments?post=38803"}],"version-history":[{"count":1,"href":"https:\/\/www.portalalerta.com.br\/index.php\/wp-json\/wp\/v2\/posts\/38803\/revisions"}],"predecessor-version":[{"id":38812,"href":"https:\/\/www.portalalerta.com.br\/index.php\/wp-json\/wp\/v2\/posts\/38803\/revisions\/38812"}],"wp:featuredmedia":[{"embeddable":true,"href":"https:\/\/www.portalalerta.com.br\/index.php\/wp-json\/wp\/v2\/media\/36656"}],"wp:attachment":[{"href":"https:\/\/www.portalalerta.com.br\/index.php\/wp-json\/wp\/v2\/media?parent=38803"}],"wp:term":[{"taxonomy":"category","embeddable":true,"href":"https:\/\/www.portalalerta.com.br\/index.php\/wp-json\/wp\/v2\/categories?post=38803"},{"taxonomy":"post_tag","embeddable":true,"href":"https:\/\/www.portalalerta.com.br\/index.php\/wp-json\/wp\/v2\/tags?post=38803"}],"curies":[{"name":"wp","href":"https:\/\/api.w.org\/{rel}","templated":true}]}}