{"id":38804,"date":"2021-10-23T21:02:36","date_gmt":"2021-10-24T00:02:36","guid":{"rendered":"https:\/\/www.portalalerta.com.br\/?p=38804"},"modified":"2021-10-23T21:07:10","modified_gmt":"2021-10-24T00:07:10","slug":"homem-e-baleado-e-afirma-que-disparo-foi-acidental-disparado-por-um-desconhecido-em-araci-ba1","status":"publish","type":"post","link":"https:\/\/www.portalalerta.com.br\/index.php\/2021\/10\/23\/homem-e-baleado-e-afirma-que-disparo-foi-acidental-disparado-por-um-desconhecido-em-araci-ba1\/","title":{"rendered":"Homem \u00e9 baleado e afirma que disparo foi acidental efetuado por um desconhecido, em Araci-BA"},"content":{"rendered":"\n<p>Um homem de 33 anos foi baleado na perna com um tiro de espingarda de socar, em Araci, regi\u00e3o sisaleira da Bahia, na noite da \u00faltima quarta-feira (20).<\/p>\n\n\n\n<!--more-->\n\n\n\n<div class=\"wp-block-image\"><figure class=\"alignleft size-large is-resized\"><img fetchpriority=\"high\" decoding=\"async\" src=\"https:\/\/www.portalalerta.com.br\/wp-content\/uploads\/2021\/10\/Cred-Real-1024x1024.jpeg\" alt=\"\" class=\"wp-image-38729\" width=\"262\" height=\"262\" srcset=\"https:\/\/www.portalalerta.com.br\/wp-content\/uploads\/2021\/10\/Cred-Real-1024x1024.jpeg 1024w, https:\/\/www.portalalerta.com.br\/wp-content\/uploads\/2021\/10\/Cred-Real-240x240.jpeg 240w, https:\/\/www.portalalerta.com.br\/wp-content\/uploads\/2021\/10\/Cred-Real-768x768.jpeg 768w, https:\/\/www.portalalerta.com.br\/wp-content\/uploads\/2021\/10\/Cred-Real-1536x1536.jpeg 1536w, https:\/\/www.portalalerta.com.br\/wp-content\/uploads\/2021\/10\/Cred-Real-146x146.jpeg 146w, https:\/\/www.portalalerta.com.br\/wp-content\/uploads\/2021\/10\/Cred-Real-50x50.jpeg 50w, https:\/\/www.portalalerta.com.br\/wp-content\/uploads\/2021\/10\/Cred-Real-75x75.jpeg 75w, https:\/\/www.portalalerta.com.br\/wp-content\/uploads\/2021\/10\/Cred-Real-85x85.jpeg 85w, https:\/\/www.portalalerta.com.br\/wp-content\/uploads\/2021\/10\/Cred-Real-80x80.jpeg 80w, https:\/\/www.portalalerta.com.br\/wp-content\/uploads\/2021\/10\/Cred-Real.jpeg 1920w\" sizes=\"(max-width: 262px) 100vw, 262px\" \/><\/figure><\/div>\n\n\n\n<p>De acordo com a Pol\u00edcia Militar,&nbsp;ele&nbsp;foi socorrido pela irm\u00e3 e levado para o hospital da cidade. Segundo a pol\u00edcia, a v\u00edtima relatou que o disparo foi feito de maneira acidental, por um desconhecido que passava com a arma na m\u00e3o pr\u00f3ximo \u00e0 sua casa, no povoado Ribeira, zona rural do munic\u00edpio.<\/p>\n\n\n\n<p>Ainda segundo informa\u00e7\u00f5es da pol\u00edcia com base no relato da v\u00edtima, o autor do tiro fugiu do local. A PM informou ainda que fez rondas, mas n\u00e3o conseguiu encontrar o suspeito.<\/p>\n\n\n\n<p><em>Fonte: A Voz do Campo<\/em><\/p>\n","protected":false},"excerpt":{"rendered":"<p>Um homem de 33 anos foi baleado na perna com um tiro de espingarda de socar, em Araci, regi\u00e3o sisaleira da Bahia, na noite da \u00faltima quarta-feira (20).<\/p>\n","protected":false},"author":2,"featured_media":38248,"comment_status":"open","ping_status":"open","sticky":false,"template":"","format":"standard","meta":{"om_disable_all_campaigns":false,"_monsterinsights_skip_tracking":false,"_monsterinsights_sitenote_active":false,"_monsterinsights_sitenote_note":"","_monsterinsights_sitenote_category":0,"footnotes":""},"categories":[41,70,69,32,22],"tags":[48,2902,128,299],"class_list":["post-38804","post","type-post","status-publish","format-standard","has-post-thumbnail","hentry","category-araci","category-destaques","category-noticias2","category-regiao","category-seguranca","tag-araci","tag-disparo-acidental","tag-disparo-de-arma-de-fogo","tag-ferido"],"aioseo_notices":[],"_links":{"self":[{"href":"https:\/\/www.portalalerta.com.br\/index.php\/wp-json\/wp\/v2\/posts\/38804","targetHints":{"allow":["GET"]}}],"collection":[{"href":"https:\/\/www.portalalerta.com.br\/index.php\/wp-json\/wp\/v2\/posts"}],"about":[{"href":"https:\/\/www.portalalerta.com.br\/index.php\/wp-json\/wp\/v2\/types\/post"}],"author":[{"embeddable":true,"href":"https:\/\/www.portalalerta.com.br\/index.php\/wp-json\/wp\/v2\/users\/2"}],"replies":[{"embeddable":true,"href":"https:\/\/www.portalalerta.com.br\/index.php\/wp-json\/wp\/v2\/comments?post=38804"}],"version-history":[{"count":2,"href":"https:\/\/www.portalalerta.com.br\/index.php\/wp-json\/wp\/v2\/posts\/38804\/revisions"}],"predecessor-version":[{"id":38811,"href":"https:\/\/www.portalalerta.com.br\/index.php\/wp-json\/wp\/v2\/posts\/38804\/revisions\/38811"}],"wp:featuredmedia":[{"embeddable":true,"href":"https:\/\/www.portalalerta.com.br\/index.php\/wp-json\/wp\/v2\/media\/38248"}],"wp:attachment":[{"href":"https:\/\/www.portalalerta.com.br\/index.php\/wp-json\/wp\/v2\/media?parent=38804"}],"wp:term":[{"taxonomy":"category","embeddable":true,"href":"https:\/\/www.portalalerta.com.br\/index.php\/wp-json\/wp\/v2\/categories?post=38804"},{"taxonomy":"post_tag","embeddable":true,"href":"https:\/\/www.portalalerta.com.br\/index.php\/wp-json\/wp\/v2\/tags?post=38804"}],"curies":[{"name":"wp","href":"https:\/\/api.w.org\/{rel}","templated":true}]}}