{"id":38852,"date":"2021-10-25T22:22:49","date_gmt":"2021-10-26T01:22:49","guid":{"rendered":"https:\/\/www.portalalerta.com.br\/?p=38852"},"modified":"2021-10-25T22:22:50","modified_gmt":"2021-10-26T01:22:50","slug":"apos-duas-semanas-sem-casos-ativos-da-covid-19-ribeira-do-pombal-ba-volta-a-registrar-a-infeccao-pelo-virus","status":"publish","type":"post","link":"https:\/\/www.portalalerta.com.br\/index.php\/2021\/10\/25\/apos-duas-semanas-sem-casos-ativos-da-covid-19-ribeira-do-pombal-ba-volta-a-registrar-a-infeccao-pelo-virus\/","title":{"rendered":"Ap\u00f3s duas semanas sem casos ativos da Covid-19, Ribeira do Pombal-BA volta a registrar a infec\u00e7\u00e3o pelo v\u00edrus"},"content":{"rendered":"\n<p>No \u00faltimo Boletim Epidemiol\u00f3gico Semanal, divulgado na \u00faltima sexta-feira (22), o munic\u00edpio de Ribeira do Pombal-BA voltou a registrar um caso ativo de Covid-19 (Coronavirus).<\/p>\n\n\n\n<!--more-->\n\n\n\n<div class=\"wp-block-image\"><figure class=\"alignleft size-large is-resized\"><img fetchpriority=\"high\" decoding=\"async\" src=\"https:\/\/www.portalalerta.com.br\/wp-content\/uploads\/2021\/04\/ELAB.jpg\" alt=\"\" class=\"wp-image-34795\" width=\"317\" height=\"253\" srcset=\"https:\/\/www.portalalerta.com.br\/wp-content\/uploads\/2021\/04\/ELAB.jpg 1000w, https:\/\/www.portalalerta.com.br\/wp-content\/uploads\/2021\/04\/ELAB-300x240.jpg 300w, https:\/\/www.portalalerta.com.br\/wp-content\/uploads\/2021\/04\/ELAB-768x614.jpg 768w, https:\/\/www.portalalerta.com.br\/wp-content\/uploads\/2021\/04\/ELAB-183x146.jpg 183w, https:\/\/www.portalalerta.com.br\/wp-content\/uploads\/2021\/04\/ELAB-50x40.jpg 50w, https:\/\/www.portalalerta.com.br\/wp-content\/uploads\/2021\/04\/ELAB-94x75.jpg 94w\" sizes=\"(max-width: 317px) 100vw, 317px\" \/><\/figure><\/div>\n\n\n\n<p>O registro aconteceu duas semanas ap\u00f3s o munic\u00edpio viver a experi\u00eancia de ter os casos ativos zerados. O paciente \u00e9 morador do bairro Pescador, e o referido Boletim se limitou ao fato de que o mesmo apresentou sintomatologia sugestiva.<\/p>\n\n\n\n<p>Desta forma, desde o in\u00edcio da pandemia, Ribeira do Pombal totalizou <strong>5.267 casos, sendo 01 ativo (&lt;1%), 5.192 curados (99%), e 74 mortos (1%)<\/strong>.<\/p>\n\n\n\n<p><em>Reda\u00e7\u00e3o: Portal Alerta<\/em><\/p>\n","protected":false},"excerpt":{"rendered":"<p>No \u00faltimo Boletim Epidemiol\u00f3gico Semanal, divulgado na \u00faltima sexta-feira (22), o munic\u00edpio de Ribeira do Pombal-BA voltou a registrar um caso ativo de Covid-19 (Coronavirus).<\/p>\n","protected":false},"author":2,"featured_media":25360,"comment_status":"open","ping_status":"open","sticky":false,"template":"","format":"standard","meta":{"om_disable_all_campaigns":false,"_monsterinsights_skip_tracking":false,"_monsterinsights_sitenote_active":false,"_monsterinsights_sitenote_note":"","_monsterinsights_sitenote_category":0,"footnotes":""},"categories":[70,69,32,3,19],"tags":[4425,3486,47,61],"class_list":["post-38852","post","type-post","status-publish","format-standard","has-post-thumbnail","hentry","category-destaques","category-noticias2","category-regiao","category-ribeira-do-pombal","category-saude","tag-coronavirus-2","tag-covid-19","tag-ribeira-do-pombal","tag-saude"],"aioseo_notices":[],"_links":{"self":[{"href":"https:\/\/www.portalalerta.com.br\/index.php\/wp-json\/wp\/v2\/posts\/38852","targetHints":{"allow":["GET"]}}],"collection":[{"href":"https:\/\/www.portalalerta.com.br\/index.php\/wp-json\/wp\/v2\/posts"}],"about":[{"href":"https:\/\/www.portalalerta.com.br\/index.php\/wp-json\/wp\/v2\/types\/post"}],"author":[{"embeddable":true,"href":"https:\/\/www.portalalerta.com.br\/index.php\/wp-json\/wp\/v2\/users\/2"}],"replies":[{"embeddable":true,"href":"https:\/\/www.portalalerta.com.br\/index.php\/wp-json\/wp\/v2\/comments?post=38852"}],"version-history":[{"count":1,"href":"https:\/\/www.portalalerta.com.br\/index.php\/wp-json\/wp\/v2\/posts\/38852\/revisions"}],"predecessor-version":[{"id":38856,"href":"https:\/\/www.portalalerta.com.br\/index.php\/wp-json\/wp\/v2\/posts\/38852\/revisions\/38856"}],"wp:featuredmedia":[{"embeddable":true,"href":"https:\/\/www.portalalerta.com.br\/index.php\/wp-json\/wp\/v2\/media\/25360"}],"wp:attachment":[{"href":"https:\/\/www.portalalerta.com.br\/index.php\/wp-json\/wp\/v2\/media?parent=38852"}],"wp:term":[{"taxonomy":"category","embeddable":true,"href":"https:\/\/www.portalalerta.com.br\/index.php\/wp-json\/wp\/v2\/categories?post=38852"},{"taxonomy":"post_tag","embeddable":true,"href":"https:\/\/www.portalalerta.com.br\/index.php\/wp-json\/wp\/v2\/tags?post=38852"}],"curies":[{"name":"wp","href":"https:\/\/api.w.org\/{rel}","templated":true}]}}