{"id":38857,"date":"2021-10-26T08:03:51","date_gmt":"2021-10-26T11:03:51","guid":{"rendered":"https:\/\/www.portalalerta.com.br\/?p=38857"},"modified":"2021-10-26T08:03:53","modified_gmt":"2021-10-26T11:03:53","slug":"auxilio-brasil-lira-diz-que-governo-deve-pressionar-para-furar-teto","status":"publish","type":"post","link":"https:\/\/www.portalalerta.com.br\/index.php\/2021\/10\/26\/auxilio-brasil-lira-diz-que-governo-deve-pressionar-para-furar-teto\/","title":{"rendered":"Aux\u00edlio Brasil: Lira diz que governo deve pressionar para furar teto"},"content":{"rendered":"\n<p><strong>O deputado afirmou que a alternativa \u00e9 necess\u00e1ria diante da n\u00e3o aprova\u00e7\u00e3o da reforma do Imposto de Renda pelo Senado<\/strong><\/p>\n\n\n\n<!--more-->\n\n\n\n<p>Para conseguir bancar o\u00a0Aux\u00edlio Brasil, novo programa social tempor\u00e1rio que substitui o Bolsa Fam\u00edlia, o presidente da C\u00e2mara,\u00a0Arthur Lira (PP-AL), defendeu a extrapola\u00e7\u00e3o do teto de gastos p\u00fablicos. Segundo o parlamentar, para viabilizar o benef\u00edcio, <strong><em>&#8220;o programa vai ferir um pouco o teto, assim como feriu no ano passado&#8221;<\/em><\/strong><em>,<\/em> disse nesta segunda-feira (25).\u00a0<\/p>\n\n\n\n<p>A fala ocorreu durante a 21\u00aa Confer\u00eancia Internacional Datagro sobre A\u00e7\u00facar e Etanol, em S\u00e3o Paulo. Para Lira, o governo federal acertou ao encaminhar, tamb\u00e9m nesta segunda-feira, o\u00a0projeto de lei para a abertura\u00a0de cr\u00e9dito de R$ 9,3 bilh\u00f5es\u00a0a fim de bancar o benef\u00edcio. <strong><em>&#8220;No meu ponto de vista, s\u00f3 errou porque j\u00e1 teria que ter enfrentado esse tema de frente&#8221;,<\/em><\/strong> completou o presidente da C\u00e2mara, afirmando que, em 2020, foi necess\u00e1rio alterar o teto em R$ 700 bilh\u00f5es.\u00a0<\/p>\n\n\n\n<div class=\"wp-block-image\"><figure class=\"aligncenter size-large\"><img fetchpriority=\"high\" decoding=\"async\" width=\"720\" height=\"181\" src=\"https:\/\/www.portalalerta.com.br\/wp-content\/uploads\/2018\/02\/Auto-Escola-Nobre.jpg\" alt=\"\" class=\"wp-image-4869\" srcset=\"https:\/\/www.portalalerta.com.br\/wp-content\/uploads\/2018\/02\/Auto-Escola-Nobre.jpg 720w, https:\/\/www.portalalerta.com.br\/wp-content\/uploads\/2018\/02\/Auto-Escola-Nobre-260x65.jpg 260w, https:\/\/www.portalalerta.com.br\/wp-content\/uploads\/2018\/02\/Auto-Escola-Nobre-50x13.jpg 50w, https:\/\/www.portalalerta.com.br\/wp-content\/uploads\/2018\/02\/Auto-Escola-Nobre-150x38.jpg 150w\" sizes=\"(max-width: 720px) 100vw, 720px\" \/><\/figure><\/div>\n\n\n\n<p><strong><em>&#8220;N\u00f3s sab\u00edamos da import\u00e2ncia de socorrer todos os setores e todos aqueles que precisavam de uma assist\u00eancia do governo para ultrapassar a pandemia. Mas agora n\u00f3s temos o rebote dela&#8221;<\/em><\/strong>, completou Lira, citando os empregos que ainda n\u00e3o retornaram, o pre\u00e7o das commodities e a infla\u00e7\u00e3o nacional e mundial. <strong><em>&#8220;Tem pressionado justamente camadas que vivem abaixo da linha m\u00e9dia da pobreza.&#8221;<\/em><\/strong><\/p>\n\n\n\n<p>Com a libera\u00e7\u00e3o desses cr\u00e9ditos, o governo vai reajustar em 20% o benef\u00edcio do antigo Bolsa Fam\u00edlia, passando de&nbsp;R$ 190 para&nbsp;R$ 230. A expectativa \u00e9 de que haja, ainda, um aumento no n\u00famero de fam\u00edlias atendidas, de 14 milh\u00f5es para 17 milh\u00f5es.<\/p>\n\n\n\n<p>O deputado remeteu a atual situa\u00e7\u00e3o \u00e0 falta de aprecia\u00e7\u00e3o da reforma do Imposto de Renda por parte do Senado e disse que o governo j\u00e1 deveria ter enviado um projeto para furar o teto, de maneira extraordin\u00e1ria, em raz\u00e3o da pandemia. Segundo o presidente da C\u00e2mara, <strong><em>&#8220;todo mundo ia entender&#8221;<\/em><\/strong> a necessidade de liberar R$ 30 bilh\u00f5es a mais, visto que, em 2020, o rombo nos cofres p\u00fablicos para conter a pandemia foi de R$ 700 bilh\u00f5es.&nbsp;&#8220;N\u00e3o \u00e9 a sa\u00edda que eu desejaria e que eu sempre defendi, mas \u00e9 a poss\u00edvel, por falta de&nbsp;aprecia\u00e7\u00e3o do Senado do Imposto de Renda.&#8221;<\/p>\n\n\n\n<p>Al\u00e9m da cr\u00edtica ao Senado por n\u00e3o aprovar as mudan\u00e7as no Imposto de Renda, o que traria &#8220;um conceito correto de se taxar dividendos de quem mais ganha no pa\u00eds e desonerar os impostos das empresas que geram emprego e renda&#8221;, como defendeu, Lira ressaltou a necessidade da aprova\u00e7\u00e3o da PEC dos Precat\u00f3rios, &#8220;uma sa\u00edda para um programa tempor\u00e1rio [o Aux\u00edlio Brasil]&#8221;.&nbsp;<\/p>\n\n\n\n<p>O relator do texto, deputado Hugo Motta (Republicanos-PB),\u00a0prop\u00f4s altera\u00e7\u00f5es nas regras do teto de gastos a fim de gerar espa\u00e7o fiscal de R$ 83 bilh\u00f5es, especialmente para bancar o Aux\u00edlio Brasil. Da maneira como estava o projeto, os precat\u00f3rios abririam cr\u00e9dito na casa dos R$ 44 bilh\u00f5es. <strong><em>&#8220;Se o nosso texto for aprovado, nenhuma das 17 milh\u00f5es de fam\u00edlias receber\u00e1 menos de R$ 400 at\u00e9 dezembro de 2022&#8221;<\/em><\/strong>, disse o parlamentar.<\/p>\n\n\n\n<p>Em novembro, no entanto, o valor ser\u00e1 de R$ 230.\u00a0O novo valor de R$ 400\u00a0s\u00f3 dever\u00e1 come\u00e7ar a ser repassado em dezembro e depende da aprova\u00e7\u00e3o do Congresso, conforme explicaram fontes do governo federal ao\u00a0Blog do Nolasco.\u00a0<\/p>\n\n\n\n<p><em>Fonte: R7<\/em><\/p>\n","protected":false},"excerpt":{"rendered":"<p>O deputado afirmou que a alternativa \u00e9 necess\u00e1ria diante da n\u00e3o aprova\u00e7\u00e3o da reforma do Imposto de Renda pelo Senado<\/p>\n","protected":false},"author":2,"featured_media":34110,"comment_status":"open","ping_status":"open","sticky":false,"template":"","format":"standard","meta":{"om_disable_all_campaigns":false,"_monsterinsights_skip_tracking":false,"_monsterinsights_sitenote_active":false,"_monsterinsights_sitenote_note":"","_monsterinsights_sitenote_category":0,"footnotes":""},"categories":[34,70,69,21],"tags":[4203,4761,93,199,3844],"class_list":["post-38857","post","type-post","status-publish","format-standard","has-post-thumbnail","hentry","category-brasil","category-destaques","category-noticias2","category-politica","tag-arthur-lira","tag-auxilio-brasil","tag-brasil","tag-politica","tag-teto-de-gastos"],"aioseo_notices":[],"_links":{"self":[{"href":"https:\/\/www.portalalerta.com.br\/index.php\/wp-json\/wp\/v2\/posts\/38857","targetHints":{"allow":["GET"]}}],"collection":[{"href":"https:\/\/www.portalalerta.com.br\/index.php\/wp-json\/wp\/v2\/posts"}],"about":[{"href":"https:\/\/www.portalalerta.com.br\/index.php\/wp-json\/wp\/v2\/types\/post"}],"author":[{"embeddable":true,"href":"https:\/\/www.portalalerta.com.br\/index.php\/wp-json\/wp\/v2\/users\/2"}],"replies":[{"embeddable":true,"href":"https:\/\/www.portalalerta.com.br\/index.php\/wp-json\/wp\/v2\/comments?post=38857"}],"version-history":[{"count":1,"href":"https:\/\/www.portalalerta.com.br\/index.php\/wp-json\/wp\/v2\/posts\/38857\/revisions"}],"predecessor-version":[{"id":38861,"href":"https:\/\/www.portalalerta.com.br\/index.php\/wp-json\/wp\/v2\/posts\/38857\/revisions\/38861"}],"wp:featuredmedia":[{"embeddable":true,"href":"https:\/\/www.portalalerta.com.br\/index.php\/wp-json\/wp\/v2\/media\/34110"}],"wp:attachment":[{"href":"https:\/\/www.portalalerta.com.br\/index.php\/wp-json\/wp\/v2\/media?parent=38857"}],"wp:term":[{"taxonomy":"category","embeddable":true,"href":"https:\/\/www.portalalerta.com.br\/index.php\/wp-json\/wp\/v2\/categories?post=38857"},{"taxonomy":"post_tag","embeddable":true,"href":"https:\/\/www.portalalerta.com.br\/index.php\/wp-json\/wp\/v2\/tags?post=38857"}],"curies":[{"name":"wp","href":"https:\/\/api.w.org\/{rel}","templated":true}]}}