{"id":38858,"date":"2021-10-26T08:07:55","date_gmt":"2021-10-26T11:07:55","guid":{"rendered":"https:\/\/www.portalalerta.com.br\/?p=38858"},"modified":"2021-10-26T08:07:56","modified_gmt":"2021-10-26T11:07:56","slug":"sao-paulo-atinge-100-da-populacao-adulta-vacinada-com-primeira-dose","status":"publish","type":"post","link":"https:\/\/www.portalalerta.com.br\/index.php\/2021\/10\/26\/sao-paulo-atinge-100-da-populacao-adulta-vacinada-com-primeira-dose\/","title":{"rendered":"S\u00e3o Paulo atinge 100% da popula\u00e7\u00e3o adulta vacinada com primeira dose"},"content":{"rendered":"\n<p>O estado de S\u00e3o Paulo atingiu nesta segunda-feira (25) a marca de 100% dos adultos vacinados com pelo menos uma dose de imunizantes contra a covid-19. A contagem se baseia em dados do Instituto Brasileiro de Geografia e Estat\u00edsticas (IBGE) e indica 35,3 milh\u00f5es de pessoas vacinadas.&nbsp;<\/p>\n\n\n\n<!--more-->\n\n\n\n<div class=\"wp-block-image\"><figure class=\"alignleft size-large is-resized\"><img fetchpriority=\"high\" decoding=\"async\" src=\"https:\/\/www.portalalerta.com.br\/wp-content\/uploads\/2021\/10\/Cred-Real-1024x1024.jpeg\" alt=\"\" class=\"wp-image-38729\" width=\"284\" height=\"284\" srcset=\"https:\/\/www.portalalerta.com.br\/wp-content\/uploads\/2021\/10\/Cred-Real-1024x1024.jpeg 1024w, https:\/\/www.portalalerta.com.br\/wp-content\/uploads\/2021\/10\/Cred-Real-240x240.jpeg 240w, https:\/\/www.portalalerta.com.br\/wp-content\/uploads\/2021\/10\/Cred-Real-768x768.jpeg 768w, https:\/\/www.portalalerta.com.br\/wp-content\/uploads\/2021\/10\/Cred-Real-1536x1536.jpeg 1536w, https:\/\/www.portalalerta.com.br\/wp-content\/uploads\/2021\/10\/Cred-Real-146x146.jpeg 146w, https:\/\/www.portalalerta.com.br\/wp-content\/uploads\/2021\/10\/Cred-Real-50x50.jpeg 50w, https:\/\/www.portalalerta.com.br\/wp-content\/uploads\/2021\/10\/Cred-Real-75x75.jpeg 75w, https:\/\/www.portalalerta.com.br\/wp-content\/uploads\/2021\/10\/Cred-Real-85x85.jpeg 85w, https:\/\/www.portalalerta.com.br\/wp-content\/uploads\/2021\/10\/Cred-Real-80x80.jpeg 80w, https:\/\/www.portalalerta.com.br\/wp-content\/uploads\/2021\/10\/Cred-Real.jpeg 1920w\" sizes=\"(max-width: 284px) 100vw, 284px\" \/><\/figure><\/div>\n\n\n\n<p>No total, foram aplicadas mais de 70,4 milh\u00f5es de doses at\u00e9 as 16h48 de hoje, sendo mais de 37,4 milh\u00f5es com primeira dose e pouco mais de 29,5 milh\u00f5es com segunda dose. Cerca de 1,170 milh\u00e3o de pessoas foram imunizadas com dose \u00fanica. O n\u00famero envolve tamb\u00e9m as doses extras que j\u00e1 foram aplicadas em grupos espec\u00edficos, que somam&nbsp;2.354.884.<\/p>\n\n\n\n<p>S\u00e3o Paulo tem 86% da popula\u00e7\u00e3o adulta com esquema vacinal completo. A campanha de vacina\u00e7\u00e3o em S\u00e3o Paulo come\u00e7ou em 17 de janeiro, sendo o primeiro a iniciar a aplica\u00e7\u00e3o de doses.&nbsp;<\/p>\n\n\n\n<p>O governo de S\u00e3o Paulo autorizou a aplica\u00e7\u00e3o de doses adicionais desde 6 de setembro. Foram administradas mais de 2,354 milh\u00f5es de doses, conforme o p\u00fablico previsto no Plano Estadual de Imuniza\u00e7\u00e3o (PEI), que inclui idosos, imunossuprimidos e profissionais de sa\u00fade.<\/p>\n\n\n\n<p>Fonte: Ag\u00eancia Brasil<\/p>\n","protected":false},"excerpt":{"rendered":"<p>O estado de S\u00e3o Paulo atingiu nesta segunda-feira (25) a marca de 100% dos adultos vacinados com pelo menos uma dose de imunizantes contra a covid-19. A contagem se baseia em dados do Instituto Brasileiro de Geografia e Estat\u00edsticas (IBGE) e indica 35,3 milh\u00f5es de pessoas vacinadas.&nbsp;<\/p>\n","protected":false},"author":2,"featured_media":32033,"comment_status":"open","ping_status":"open","sticky":false,"template":"","format":"standard","meta":{"om_disable_all_campaigns":false,"_monsterinsights_skip_tracking":false,"_monsterinsights_sitenote_active":false,"_monsterinsights_sitenote_note":"","_monsterinsights_sitenote_category":0,"footnotes":""},"categories":[34,70,69,19],"tags":[93,3429,3486,404,3570,371],"class_list":["post-38858","post","type-post","status-publish","format-standard","has-post-thumbnail","hentry","category-brasil","category-destaques","category-noticias2","category-saude","tag-brasil","tag-coronavirus","tag-covid-19","tag-sao-paulo","tag-vacina","tag-vacinacao"],"aioseo_notices":[],"_links":{"self":[{"href":"https:\/\/www.portalalerta.com.br\/index.php\/wp-json\/wp\/v2\/posts\/38858","targetHints":{"allow":["GET"]}}],"collection":[{"href":"https:\/\/www.portalalerta.com.br\/index.php\/wp-json\/wp\/v2\/posts"}],"about":[{"href":"https:\/\/www.portalalerta.com.br\/index.php\/wp-json\/wp\/v2\/types\/post"}],"author":[{"embeddable":true,"href":"https:\/\/www.portalalerta.com.br\/index.php\/wp-json\/wp\/v2\/users\/2"}],"replies":[{"embeddable":true,"href":"https:\/\/www.portalalerta.com.br\/index.php\/wp-json\/wp\/v2\/comments?post=38858"}],"version-history":[{"count":1,"href":"https:\/\/www.portalalerta.com.br\/index.php\/wp-json\/wp\/v2\/posts\/38858\/revisions"}],"predecessor-version":[{"id":38862,"href":"https:\/\/www.portalalerta.com.br\/index.php\/wp-json\/wp\/v2\/posts\/38858\/revisions\/38862"}],"wp:featuredmedia":[{"embeddable":true,"href":"https:\/\/www.portalalerta.com.br\/index.php\/wp-json\/wp\/v2\/media\/32033"}],"wp:attachment":[{"href":"https:\/\/www.portalalerta.com.br\/index.php\/wp-json\/wp\/v2\/media?parent=38858"}],"wp:term":[{"taxonomy":"category","embeddable":true,"href":"https:\/\/www.portalalerta.com.br\/index.php\/wp-json\/wp\/v2\/categories?post=38858"},{"taxonomy":"post_tag","embeddable":true,"href":"https:\/\/www.portalalerta.com.br\/index.php\/wp-json\/wp\/v2\/tags?post=38858"}],"curies":[{"name":"wp","href":"https:\/\/api.w.org\/{rel}","templated":true}]}}