{"id":38859,"date":"2021-10-26T08:12:22","date_gmt":"2021-10-26T11:12:22","guid":{"rendered":"https:\/\/www.portalalerta.com.br\/?p=38859"},"modified":"2021-10-26T08:12:23","modified_gmt":"2021-10-26T11:12:23","slug":"a-petrobras-vai-valer-zero-daqui-a-30-anos-diz-guedes","status":"publish","type":"post","link":"https:\/\/www.portalalerta.com.br\/index.php\/2021\/10\/26\/a-petrobras-vai-valer-zero-daqui-a-30-anos-diz-guedes\/","title":{"rendered":"&#8220;A Petrobras vai valer zero daqui a 30 anos&#8221;, diz Guedes"},"content":{"rendered":"\n<p>Ministro fez a defesa pela venda da estatal<\/p>\n\n\n\n<!--more-->\n\n\n\n<p>O ministro da Economia, Paulo Guedes, afirmou que o Brasil precisa <strong><em>&#8220;tirar o petr\u00f3leo&#8221;<\/em><\/strong> para usar os recursos em investimentos, educa\u00e7\u00e3o e tecnologia antes que a Petrobras passe a valer nada.<\/p>\n\n\n\n<div class=\"wp-block-image\"><figure class=\"alignleft size-large\"><img fetchpriority=\"high\" decoding=\"async\" width=\"299\" height=\"300\" src=\"https:\/\/www.portalalerta.com.br\/wp-content\/uploads\/2021\/07\/A-Voz-do-Sertao.1.jpg\" alt=\"\" class=\"wp-image-36575\" srcset=\"https:\/\/www.portalalerta.com.br\/wp-content\/uploads\/2021\/07\/A-Voz-do-Sertao.1.jpg 299w, https:\/\/www.portalalerta.com.br\/wp-content\/uploads\/2021\/07\/A-Voz-do-Sertao.1-239x240.jpg 239w, https:\/\/www.portalalerta.com.br\/wp-content\/uploads\/2021\/07\/A-Voz-do-Sertao.1-146x146.jpg 146w, https:\/\/www.portalalerta.com.br\/wp-content\/uploads\/2021\/07\/A-Voz-do-Sertao.1-50x50.jpg 50w, https:\/\/www.portalalerta.com.br\/wp-content\/uploads\/2021\/07\/A-Voz-do-Sertao.1-75x75.jpg 75w, https:\/\/www.portalalerta.com.br\/wp-content\/uploads\/2021\/07\/A-Voz-do-Sertao.1-85x85.jpg 85w, https:\/\/www.portalalerta.com.br\/wp-content\/uploads\/2021\/07\/A-Voz-do-Sertao.1-80x80.jpg 80w\" sizes=\"(max-width: 299px) 100vw, 299px\" \/><\/figure><\/div>\n\n\n\n<p>Na defesa pela venda da estatal, ele ainda destacou uma fala do presidente Jair Bolsonaro, sobre o governo estudar a privatiza\u00e7\u00e3o, para justificar a alta nos papeis da companhia na Bolsa de Valores.<\/p>\n\n\n\n<p><strong><em>&#8220;A Petrobras vai valer zero daqui a 30 anos. E o que n\u00f3s fizemos? Deixamos o petr\u00f3leo l\u00e1 em baixo com um monop\u00f3lio, uma placa de monop\u00f3lio estatal em cima. O objetivo \u00e9 tirar esse petr\u00f3leo o mais r\u00e1pido poss\u00edvel e transformar em educa\u00e7\u00e3o, investimento, treinamento, tecnologia&#8221;<\/em><\/strong>, afirmou durante evento de lan\u00e7amento do Plano de Crescimento Verde nesta segunda-feira (25).<\/p>\n\n\n\n<p><em>Fonte: Metro1<\/em><\/p>\n","protected":false},"excerpt":{"rendered":"<p>Ministro fez a defesa pela venda da estatal<\/p>\n","protected":false},"author":2,"featured_media":38863,"comment_status":"open","ping_status":"open","sticky":false,"template":"","format":"standard","meta":{"om_disable_all_campaigns":false,"_monsterinsights_skip_tracking":false,"_monsterinsights_sitenote_active":false,"_monsterinsights_sitenote_note":"","_monsterinsights_sitenote_category":0,"footnotes":""},"categories":[34,70,69,21],"tags":[93,2708,329,415],"class_list":["post-38859","post","type-post","status-publish","format-standard","has-post-thumbnail","hentry","category-brasil","category-destaques","category-noticias2","category-politica","tag-brasil","tag-paulo-guedes","tag-petrobras","tag-privatizacao"],"aioseo_notices":[],"_links":{"self":[{"href":"https:\/\/www.portalalerta.com.br\/index.php\/wp-json\/wp\/v2\/posts\/38859","targetHints":{"allow":["GET"]}}],"collection":[{"href":"https:\/\/www.portalalerta.com.br\/index.php\/wp-json\/wp\/v2\/posts"}],"about":[{"href":"https:\/\/www.portalalerta.com.br\/index.php\/wp-json\/wp\/v2\/types\/post"}],"author":[{"embeddable":true,"href":"https:\/\/www.portalalerta.com.br\/index.php\/wp-json\/wp\/v2\/users\/2"}],"replies":[{"embeddable":true,"href":"https:\/\/www.portalalerta.com.br\/index.php\/wp-json\/wp\/v2\/comments?post=38859"}],"version-history":[{"count":1,"href":"https:\/\/www.portalalerta.com.br\/index.php\/wp-json\/wp\/v2\/posts\/38859\/revisions"}],"predecessor-version":[{"id":38864,"href":"https:\/\/www.portalalerta.com.br\/index.php\/wp-json\/wp\/v2\/posts\/38859\/revisions\/38864"}],"wp:featuredmedia":[{"embeddable":true,"href":"https:\/\/www.portalalerta.com.br\/index.php\/wp-json\/wp\/v2\/media\/38863"}],"wp:attachment":[{"href":"https:\/\/www.portalalerta.com.br\/index.php\/wp-json\/wp\/v2\/media?parent=38859"}],"wp:term":[{"taxonomy":"category","embeddable":true,"href":"https:\/\/www.portalalerta.com.br\/index.php\/wp-json\/wp\/v2\/categories?post=38859"},{"taxonomy":"post_tag","embeddable":true,"href":"https:\/\/www.portalalerta.com.br\/index.php\/wp-json\/wp\/v2\/tags?post=38859"}],"curies":[{"name":"wp","href":"https:\/\/api.w.org\/{rel}","templated":true}]}}