{"id":38867,"date":"2021-10-26T21:31:38","date_gmt":"2021-10-27T00:31:38","guid":{"rendered":"https:\/\/www.portalalerta.com.br\/?p=38867"},"modified":"2021-10-26T21:31:39","modified_gmt":"2021-10-27T00:31:39","slug":"caminhoneiro-ze-trovao-se-entrega-a-policia-federal-em-sc","status":"publish","type":"post","link":"https:\/\/www.portalalerta.com.br\/index.php\/2021\/10\/26\/caminhoneiro-ze-trovao-se-entrega-a-policia-federal-em-sc\/","title":{"rendered":"Caminhoneiro Z\u00e9 Trov\u00e3o se entrega \u00e0 Pol\u00edcia Federal em SC"},"content":{"rendered":"\n<p>O caminhoneiro Marcos Antonio Pereira Gomes, conhecido como Z\u00e9 Trov\u00e3o, se apresentou de forma espont\u00e2nea \u00e0 Pol\u00edcia Federal em Joinville, em Santa Catarina, nesta ter\u00e7a-feira (26), segundo sua defesa. Ele \u00e9 morador da cidade.<\/p>\n\n\n\n<!--more-->\n\n\n\n<p>Ainda de acordo com a nota da defesa, Z\u00e9 Trov\u00e3o &#8220;est\u00e1 ao dispor da Justi\u00e7a para provar sua inoc\u00eancia&#8221;.<\/p>\n\n\n\n<div class=\"wp-block-image\"><figure class=\"alignleft size-large is-resized\"><img fetchpriority=\"high\" decoding=\"async\" src=\"https:\/\/www.portalalerta.com.br\/wp-content\/uploads\/2021\/04\/ELAB.jpg\" alt=\"\" class=\"wp-image-34795\" width=\"319\" height=\"255\" srcset=\"https:\/\/www.portalalerta.com.br\/wp-content\/uploads\/2021\/04\/ELAB.jpg 1000w, https:\/\/www.portalalerta.com.br\/wp-content\/uploads\/2021\/04\/ELAB-300x240.jpg 300w, https:\/\/www.portalalerta.com.br\/wp-content\/uploads\/2021\/04\/ELAB-768x614.jpg 768w, https:\/\/www.portalalerta.com.br\/wp-content\/uploads\/2021\/04\/ELAB-183x146.jpg 183w, https:\/\/www.portalalerta.com.br\/wp-content\/uploads\/2021\/04\/ELAB-50x40.jpg 50w, https:\/\/www.portalalerta.com.br\/wp-content\/uploads\/2021\/04\/ELAB-94x75.jpg 94w\" sizes=\"(max-width: 319px) 100vw, 319px\" \/><\/figure><\/div>\n\n\n\n<p>O caminhoneiro estava foragido no exterior h\u00e1 meses. Foi localizado no M\u00e9xico em setembro, pela Pol\u00edcia Federal. Ele \u00e9 apontado como um dos l\u00edderes da paralisa\u00e7\u00e3o de caminhoneiros no dia 7 de setembro, que trazia pautas anti-democr\u00e1ticas, como ataques ao Supremo Tribunal Federal (STF).<\/p>\n\n\n\n<p>Gomes deixou o Brasil mesmo antes de receber uma ordem de pris\u00e3o, que posteriormente foi decretada pelo ministro Alexandre de Moraes, do STF. No M\u00e9xico, ele continuou a organizar os atos anti-democr\u00e1ticos do dia 7 de setembro.<\/p>\n\n\n\n<p>Em agosto, Z\u00e9 Trov\u00e3o foi alvo de mandados de busca e apreens\u00e3o por suspeita de articular manifesta\u00e7\u00f5es no dia 7 de setembro. Em decorr\u00eancia da investiga\u00e7\u00e3o, ficou proibido de usar as redes sociais. Ainda assim, participou de uma transmiss\u00e3o de v\u00eddeo feita pelo blogueiro bolsonarista Oswaldo Eust\u00e1quio, na qual continuou incitando a realiza\u00e7\u00e3o de atos contra o STF. Por conta disso, a Procuradoria-Geral da Rep\u00fablica (PGR) pediu sua pris\u00e3o, que foi determinada pelo ministro Alexandre de Moraes.<\/p>\n\n\n\n<p><em>Fonte: Yahoo Not\u00edcias<\/em><\/p>\n","protected":false},"excerpt":{"rendered":"<p>O caminhoneiro Marcos Antonio Pereira Gomes, conhecido como Z\u00e9 Trov\u00e3o, se apresentou de forma espont\u00e2nea \u00e0 Pol\u00edcia Federal em Joinville, em Santa Catarina, nesta ter\u00e7a-feira (26), segundo sua defesa. Ele \u00e9 morador da cidade.<\/p>\n","protected":false},"author":2,"featured_media":37959,"comment_status":"open","ping_status":"open","sticky":false,"template":"","format":"standard","meta":{"om_disable_all_campaigns":false,"_monsterinsights_skip_tracking":false,"_monsterinsights_sitenote_active":false,"_monsterinsights_sitenote_note":"","_monsterinsights_sitenote_category":0,"footnotes":""},"categories":[34,70,69],"tags":[93,173,4857],"class_list":["post-38867","post","type-post","status-publish","format-standard","has-post-thumbnail","hentry","category-brasil","category-destaques","category-noticias2","tag-brasil","tag-policia-federal","tag-ze-trovao"],"aioseo_notices":[],"_links":{"self":[{"href":"https:\/\/www.portalalerta.com.br\/index.php\/wp-json\/wp\/v2\/posts\/38867","targetHints":{"allow":["GET"]}}],"collection":[{"href":"https:\/\/www.portalalerta.com.br\/index.php\/wp-json\/wp\/v2\/posts"}],"about":[{"href":"https:\/\/www.portalalerta.com.br\/index.php\/wp-json\/wp\/v2\/types\/post"}],"author":[{"embeddable":true,"href":"https:\/\/www.portalalerta.com.br\/index.php\/wp-json\/wp\/v2\/users\/2"}],"replies":[{"embeddable":true,"href":"https:\/\/www.portalalerta.com.br\/index.php\/wp-json\/wp\/v2\/comments?post=38867"}],"version-history":[{"count":1,"href":"https:\/\/www.portalalerta.com.br\/index.php\/wp-json\/wp\/v2\/posts\/38867\/revisions"}],"predecessor-version":[{"id":38871,"href":"https:\/\/www.portalalerta.com.br\/index.php\/wp-json\/wp\/v2\/posts\/38867\/revisions\/38871"}],"wp:featuredmedia":[{"embeddable":true,"href":"https:\/\/www.portalalerta.com.br\/index.php\/wp-json\/wp\/v2\/media\/37959"}],"wp:attachment":[{"href":"https:\/\/www.portalalerta.com.br\/index.php\/wp-json\/wp\/v2\/media?parent=38867"}],"wp:term":[{"taxonomy":"category","embeddable":true,"href":"https:\/\/www.portalalerta.com.br\/index.php\/wp-json\/wp\/v2\/categories?post=38867"},{"taxonomy":"post_tag","embeddable":true,"href":"https:\/\/www.portalalerta.com.br\/index.php\/wp-json\/wp\/v2\/tags?post=38867"}],"curies":[{"name":"wp","href":"https:\/\/api.w.org\/{rel}","templated":true}]}}