{"id":39256,"date":"2021-11-12T18:21:17","date_gmt":"2021-11-12T21:21:17","guid":{"rendered":"https:\/\/www.portalalerta.com.br\/?p=39256"},"modified":"2021-11-12T18:21:18","modified_gmt":"2021-11-12T21:21:18","slug":"conselho-municipal-do-carnaval-de-salvador-anuncia-que-festa-sera-realizada-em-2022","status":"publish","type":"post","link":"https:\/\/www.portalalerta.com.br\/index.php\/2021\/11\/12\/conselho-municipal-do-carnaval-de-salvador-anuncia-que-festa-sera-realizada-em-2022\/","title":{"rendered":"Conselho Municipal do Carnaval de Salvador anuncia que festa ser\u00e1 realizada em 2022"},"content":{"rendered":"\n<p>Apesar da decis\u00e3o, o prefeito de Salvador, Bruno Reis, e o governador Rui Costa ainda n\u00e3o bateram o martelo<\/p>\n\n\n\n<!--more-->\n\n\n\n<p>Em assembleia extraordin\u00e1ria nesta quinta (11), o Conselho Municipal do Carnaval (Comcar) decidiu que que a folia ser\u00e1 realizada em 2022. Ao todo, 20 pessoas compareceram; 19 votaram a favor e uma se absteve.<\/p>\n\n\n\n<div class=\"wp-block-image\"><figure class=\"aligncenter size-large\"><img fetchpriority=\"high\" decoding=\"async\" width=\"720\" height=\"181\" src=\"https:\/\/www.portalalerta.com.br\/wp-content\/uploads\/2018\/02\/Auto-Escola-Nobre.jpg\" alt=\"\" class=\"wp-image-4869\" srcset=\"https:\/\/www.portalalerta.com.br\/wp-content\/uploads\/2018\/02\/Auto-Escola-Nobre.jpg 720w, https:\/\/www.portalalerta.com.br\/wp-content\/uploads\/2018\/02\/Auto-Escola-Nobre-260x65.jpg 260w, https:\/\/www.portalalerta.com.br\/wp-content\/uploads\/2018\/02\/Auto-Escola-Nobre-50x13.jpg 50w, https:\/\/www.portalalerta.com.br\/wp-content\/uploads\/2018\/02\/Auto-Escola-Nobre-150x38.jpg 150w\" sizes=\"(max-width: 720px) 100vw, 720px\" \/><\/figure><\/div>\n\n\n\n<p>Entre os membros da associa\u00e7\u00e3o est\u00e3o entidades de blocos, associa\u00e7\u00e3o de camarotes, sindicatos de ambulantes, cordeiros, taxistas, Estado e Munic\u00edpio, Saltur, Bahiatursa, Pol\u00edcia Civil, Policia Militar, Corpo de Bombeiros, entre outros.<\/p>\n\n\n\n<p>Apesar da decis\u00e3o, o prefeito de Salvador, Bruno Reis, e o governador Rui Costa ainda n\u00e3o bateram o martelo sobre a realiza\u00e7\u00e3o da folia.<\/p>\n\n\n\n<p>De acordo com Bruno Reis, \u00e9 preciso analisar os n\u00fameros de vacina\u00e7\u00e3o, casos ativos, fator de transmiss\u00e3o e quantidade de \u00f3bitos. E caso seja necess\u00e1rio, a festa ser\u00e1 adiada.<\/p>\n\n\n\n<p><em>Fonte: Metro1<\/em><\/p>\n","protected":false},"excerpt":{"rendered":"<p>Apesar da decis\u00e3o, o prefeito de Salvador, Bruno Reis, e o governador Rui Costa ainda n\u00e3o bateram o martelo<\/p>\n","protected":false},"author":2,"featured_media":4614,"comment_status":"open","ping_status":"open","sticky":false,"template":"","format":"standard","meta":{"om_disable_all_campaigns":false,"_monsterinsights_skip_tracking":false,"_monsterinsights_sitenote_active":false,"_monsterinsights_sitenote_note":"","_monsterinsights_sitenote_category":0,"footnotes":""},"categories":[33,70,36,69],"tags":[2070,54,448,330],"class_list":["post-39256","post","type-post","status-publish","format-standard","has-post-thumbnail","hentry","category-bahia","category-destaques","category-lazer","category-noticias2","tag-2070","tag-bahia","tag-carnaval","tag-salvador"],"aioseo_notices":[],"_links":{"self":[{"href":"https:\/\/www.portalalerta.com.br\/index.php\/wp-json\/wp\/v2\/posts\/39256","targetHints":{"allow":["GET"]}}],"collection":[{"href":"https:\/\/www.portalalerta.com.br\/index.php\/wp-json\/wp\/v2\/posts"}],"about":[{"href":"https:\/\/www.portalalerta.com.br\/index.php\/wp-json\/wp\/v2\/types\/post"}],"author":[{"embeddable":true,"href":"https:\/\/www.portalalerta.com.br\/index.php\/wp-json\/wp\/v2\/users\/2"}],"replies":[{"embeddable":true,"href":"https:\/\/www.portalalerta.com.br\/index.php\/wp-json\/wp\/v2\/comments?post=39256"}],"version-history":[{"count":1,"href":"https:\/\/www.portalalerta.com.br\/index.php\/wp-json\/wp\/v2\/posts\/39256\/revisions"}],"predecessor-version":[{"id":39257,"href":"https:\/\/www.portalalerta.com.br\/index.php\/wp-json\/wp\/v2\/posts\/39256\/revisions\/39257"}],"wp:featuredmedia":[{"embeddable":true,"href":"https:\/\/www.portalalerta.com.br\/index.php\/wp-json\/wp\/v2\/media\/4614"}],"wp:attachment":[{"href":"https:\/\/www.portalalerta.com.br\/index.php\/wp-json\/wp\/v2\/media?parent=39256"}],"wp:term":[{"taxonomy":"category","embeddable":true,"href":"https:\/\/www.portalalerta.com.br\/index.php\/wp-json\/wp\/v2\/categories?post=39256"},{"taxonomy":"post_tag","embeddable":true,"href":"https:\/\/www.portalalerta.com.br\/index.php\/wp-json\/wp\/v2\/tags?post=39256"}],"curies":[{"name":"wp","href":"https:\/\/api.w.org\/{rel}","templated":true}]}}