{"id":39258,"date":"2021-11-12T18:25:19","date_gmt":"2021-11-12T21:25:19","guid":{"rendered":"https:\/\/www.portalalerta.com.br\/?p=39258"},"modified":"2021-11-12T18:25:20","modified_gmt":"2021-11-12T21:25:20","slug":"homem-e-preso-em-quijingue-ba-apos-ser-condenado-por-estupro-de-vulneravel-e-engravidar-garota-de-13-anos","status":"publish","type":"post","link":"https:\/\/www.portalalerta.com.br\/index.php\/2021\/11\/12\/homem-e-preso-em-quijingue-ba-apos-ser-condenado-por-estupro-de-vulneravel-e-engravidar-garota-de-13-anos\/","title":{"rendered":"Homem \u00e9 preso em Quijingue-BA ap\u00f3s ser condenado por estupro de vulner\u00e1vel e engravidar garota de 13 anos"},"content":{"rendered":"\n<p>Policiais civis de Euclides da Cunha-BA e Quijingue-BA cumpriram um mandado de pris\u00e3o em desfavor de um homem identificado pelas iniciais G. de J.A (Vam Vam), 34 anos.<\/p>\n\n\n\n<!--more-->\n\n\n\n<div class=\"wp-block-image\"><figure class=\"alignleft size-large is-resized\"><img fetchpriority=\"high\" decoding=\"async\" src=\"https:\/\/www.portalalerta.com.br\/wp-content\/uploads\/2021\/10\/Cred-Real-1024x1024.jpeg\" alt=\"\" class=\"wp-image-38729\" width=\"285\" height=\"285\" srcset=\"https:\/\/www.portalalerta.com.br\/wp-content\/uploads\/2021\/10\/Cred-Real-1024x1024.jpeg 1024w, https:\/\/www.portalalerta.com.br\/wp-content\/uploads\/2021\/10\/Cred-Real-240x240.jpeg 240w, https:\/\/www.portalalerta.com.br\/wp-content\/uploads\/2021\/10\/Cred-Real-768x768.jpeg 768w, https:\/\/www.portalalerta.com.br\/wp-content\/uploads\/2021\/10\/Cred-Real-1536x1536.jpeg 1536w, https:\/\/www.portalalerta.com.br\/wp-content\/uploads\/2021\/10\/Cred-Real-146x146.jpeg 146w, https:\/\/www.portalalerta.com.br\/wp-content\/uploads\/2021\/10\/Cred-Real-50x50.jpeg 50w, https:\/\/www.portalalerta.com.br\/wp-content\/uploads\/2021\/10\/Cred-Real-75x75.jpeg 75w, https:\/\/www.portalalerta.com.br\/wp-content\/uploads\/2021\/10\/Cred-Real-85x85.jpeg 85w, https:\/\/www.portalalerta.com.br\/wp-content\/uploads\/2021\/10\/Cred-Real-80x80.jpeg 80w, https:\/\/www.portalalerta.com.br\/wp-content\/uploads\/2021\/10\/Cred-Real.jpeg 1920w\" sizes=\"(max-width: 285px) 100vw, 285px\" \/><\/figure><\/div>\n\n\n\n<p>A pris\u00e3o aconteceu no final da manh\u00e3 de quarta-feira (10), no Assentamento Novo Triunfo, zona rural do munic\u00edpio, um dia ap\u00f3s o mesmo ser condenado a nove anos e cinco meses de pris\u00e3o, pela pr\u00e1tica de estupro de vulner\u00e1vel.<\/p>\n\n\n\n<p>De acordo com informa\u00e7\u00f5es, h\u00e1 tr\u00eas anos \u201cVam Vam\u201d, teria mantido rela\u00e7\u00e3o sexual com uma garota de apenas 13 anos, culminando da gravidez da jovem, com quem se casou. Na \u00e9poca, o rapaz chegou a ser preso, ficando custodiado por um per\u00edodo superior a um ano, no pres\u00eddio de Paulo Afonso, em seguida, obteve o direito de responder ao processo em liberdade.<\/p>\n\n\n\n<p>Ap\u00f3s a pris\u00e3o, \u201cVam Vam\u201d foi conduzido para a carceragem do Complexo Policial de Euclides da Cunha, onde se encontra \u00e0 disposi\u00e7\u00e3o da justi\u00e7a.<\/p>\n\n\n\n<p><strong>Estupro de vulner\u00e1vel<\/strong><\/p>\n\n\n\n<p>De acordo com o entendimento consolidado dos tribunais superiores, qualquer rela\u00e7\u00e3o sexual com menor de 14 anos de idade, \u00e9 considerado estupro de vulner\u00e1vel, mesmo que adolescente consinta com ato.<\/p>\n\n\n\n<p><em>Reda\u00e7\u00e3o: Portal Alerta<\/em><\/p>\n","protected":false},"excerpt":{"rendered":"<p>Policiais civis de Euclides da Cunha-BA e Quijingue-BA cumpriram um mandado de pris\u00e3o em desfavor de um homem identificado pelas iniciais G. de J.A (Vam Vam), 34 anos.<\/p>\n","protected":false},"author":2,"featured_media":16137,"comment_status":"open","ping_status":"open","sticky":false,"template":"","format":"standard","meta":{"om_disable_all_campaigns":false,"_monsterinsights_skip_tracking":false,"_monsterinsights_sitenote_active":false,"_monsterinsights_sitenote_note":"","_monsterinsights_sitenote_category":0,"footnotes":""},"categories":[70,69,43,32,22],"tags":[316,438,270,122,77,109],"class_list":["post-39258","post","type-post","status-publish","format-standard","has-post-thumbnail","hentry","category-destaques","category-noticias2","category-quijingue","category-regiao","category-seguranca","tag-condenacao","tag-estupro-de-vulneravel","tag-justica","tag-policia-civil","tag-preso","tag-quijingue"],"aioseo_notices":[],"_links":{"self":[{"href":"https:\/\/www.portalalerta.com.br\/index.php\/wp-json\/wp\/v2\/posts\/39258","targetHints":{"allow":["GET"]}}],"collection":[{"href":"https:\/\/www.portalalerta.com.br\/index.php\/wp-json\/wp\/v2\/posts"}],"about":[{"href":"https:\/\/www.portalalerta.com.br\/index.php\/wp-json\/wp\/v2\/types\/post"}],"author":[{"embeddable":true,"href":"https:\/\/www.portalalerta.com.br\/index.php\/wp-json\/wp\/v2\/users\/2"}],"replies":[{"embeddable":true,"href":"https:\/\/www.portalalerta.com.br\/index.php\/wp-json\/wp\/v2\/comments?post=39258"}],"version-history":[{"count":1,"href":"https:\/\/www.portalalerta.com.br\/index.php\/wp-json\/wp\/v2\/posts\/39258\/revisions"}],"predecessor-version":[{"id":39259,"href":"https:\/\/www.portalalerta.com.br\/index.php\/wp-json\/wp\/v2\/posts\/39258\/revisions\/39259"}],"wp:featuredmedia":[{"embeddable":true,"href":"https:\/\/www.portalalerta.com.br\/index.php\/wp-json\/wp\/v2\/media\/16137"}],"wp:attachment":[{"href":"https:\/\/www.portalalerta.com.br\/index.php\/wp-json\/wp\/v2\/media?parent=39258"}],"wp:term":[{"taxonomy":"category","embeddable":true,"href":"https:\/\/www.portalalerta.com.br\/index.php\/wp-json\/wp\/v2\/categories?post=39258"},{"taxonomy":"post_tag","embeddable":true,"href":"https:\/\/www.portalalerta.com.br\/index.php\/wp-json\/wp\/v2\/tags?post=39258"}],"curies":[{"name":"wp","href":"https:\/\/api.w.org\/{rel}","templated":true}]}}