{"id":39261,"date":"2021-11-12T20:34:35","date_gmt":"2021-11-12T23:34:35","guid":{"rendered":"https:\/\/www.portalalerta.com.br\/?p=39261"},"modified":"2021-11-12T20:34:36","modified_gmt":"2021-11-12T23:34:36","slug":"policia-apreende-arma-de-fogo-em-tucano-ba","status":"publish","type":"post","link":"https:\/\/www.portalalerta.com.br\/index.php\/2021\/11\/12\/policia-apreende-arma-de-fogo-em-tucano-ba\/","title":{"rendered":"Pol\u00edcia apreende arma de fogo em Tucano-BA"},"content":{"rendered":"\n<p>Na manh\u00e3 de quarta-feira (10), policiais militares da 3\u00aa CIA\/ Tucano-BA, que realizavam rondas de rotina pela regi\u00e3o do Buraco do Vento, visualizaram duas pessoas, sendo que uma delas portava uma arma de fogo.<\/p>\n\n\n\n<!--more-->\n\n\n\n<p>Ao perceberem a presen\u00e7a policial, a dupla fugiu por um matagal, deixando para tr\u00e1s: <strong>01 espingarda, de calibre n\u00e3o informado; e 01 cartucheira, contendo 42 cartuchos, 13 deles carregados.<\/strong><\/p>\n\n\n\n<p>O material apreendido foi apresentado na Delegacia de Pol\u00edcia Civil da cidade, para a ado\u00e7\u00e3o das medidas cab\u00edveis.<\/p>\n\n\n\n<p><em>Reda\u00e7\u00e3o: Portal Alerta<\/em><\/p>\n","protected":false},"excerpt":{"rendered":"<p>Na manh\u00e3 de quarta-feira (10), policiais militares da 3\u00aa CIA\/ Tucano-BA, que realizavam rondas de rotina pela regi\u00e3o do Buraco do Vento, visualizaram duas pessoas, sendo que uma delas portava uma arma de fogo.<\/p>\n","protected":false},"author":2,"featured_media":39266,"comment_status":"open","ping_status":"open","sticky":false,"template":"","format":"standard","meta":{"om_disable_all_campaigns":false,"_monsterinsights_skip_tracking":false,"_monsterinsights_sitenote_active":false,"_monsterinsights_sitenote_note":"","_monsterinsights_sitenote_category":0,"footnotes":""},"categories":[70,69,32,22,12],"tags":[79,83,190],"class_list":["post-39261","post","type-post","status-publish","format-standard","has-post-thumbnail","hentry","category-destaques","category-noticias2","category-regiao","category-seguranca","category-tucano","tag-policia-militar","tag-porte-ilegal-de-arma-de-fogo","tag-tucano"],"aioseo_notices":[],"_links":{"self":[{"href":"https:\/\/www.portalalerta.com.br\/index.php\/wp-json\/wp\/v2\/posts\/39261","targetHints":{"allow":["GET"]}}],"collection":[{"href":"https:\/\/www.portalalerta.com.br\/index.php\/wp-json\/wp\/v2\/posts"}],"about":[{"href":"https:\/\/www.portalalerta.com.br\/index.php\/wp-json\/wp\/v2\/types\/post"}],"author":[{"embeddable":true,"href":"https:\/\/www.portalalerta.com.br\/index.php\/wp-json\/wp\/v2\/users\/2"}],"replies":[{"embeddable":true,"href":"https:\/\/www.portalalerta.com.br\/index.php\/wp-json\/wp\/v2\/comments?post=39261"}],"version-history":[{"count":1,"href":"https:\/\/www.portalalerta.com.br\/index.php\/wp-json\/wp\/v2\/posts\/39261\/revisions"}],"predecessor-version":[{"id":39267,"href":"https:\/\/www.portalalerta.com.br\/index.php\/wp-json\/wp\/v2\/posts\/39261\/revisions\/39267"}],"wp:featuredmedia":[{"embeddable":true,"href":"https:\/\/www.portalalerta.com.br\/index.php\/wp-json\/wp\/v2\/media\/39266"}],"wp:attachment":[{"href":"https:\/\/www.portalalerta.com.br\/index.php\/wp-json\/wp\/v2\/media?parent=39261"}],"wp:term":[{"taxonomy":"category","embeddable":true,"href":"https:\/\/www.portalalerta.com.br\/index.php\/wp-json\/wp\/v2\/categories?post=39261"},{"taxonomy":"post_tag","embeddable":true,"href":"https:\/\/www.portalalerta.com.br\/index.php\/wp-json\/wp\/v2\/tags?post=39261"}],"curies":[{"name":"wp","href":"https:\/\/api.w.org\/{rel}","templated":true}]}}