{"id":39263,"date":"2021-11-12T20:53:35","date_gmt":"2021-11-12T23:53:35","guid":{"rendered":"https:\/\/www.portalalerta.com.br\/?p=39263"},"modified":"2021-11-12T20:53:36","modified_gmt":"2021-11-12T23:53:36","slug":"com-morte-de-joao-isidorio-reinaldo-braga-assume-10o-mandato-na-alba","status":"publish","type":"post","link":"https:\/\/www.portalalerta.com.br\/index.php\/2021\/11\/12\/com-morte-de-joao-isidorio-reinaldo-braga-assume-10o-mandato-na-alba\/","title":{"rendered":"Com morte de Jo\u00e3o Isid\u00f3rio, Reinaldo Braga assume 10\u00ba mandato na Alba"},"content":{"rendered":"\n<p>Deputado assume vaga na Alba at\u00e9 o fim de 2022<\/p>\n\n\n\n<!--more-->\n\n\n\n<p>Com a morte do deputado estadual Jo\u00e3o Isid\u00f3rio (Avante), o veterano Reinaldo Braga (PR) ir\u00e1 assumir uma vaga na Assembleia Legislativa da Bahia (Alba). Com isso, o m\u00e9dico e deputado estadual desde 1983 retorna para seu d\u00e9cimo mandato na Casa Legislativa.<\/p>\n\n\n\n<div class=\"wp-block-image\"><figure class=\"aligncenter size-large\"><img fetchpriority=\"high\" decoding=\"async\" width=\"720\" height=\"181\" src=\"https:\/\/www.portalalerta.com.br\/wp-content\/uploads\/2018\/02\/Auto-Escola-Nobre.jpg\" alt=\"\" class=\"wp-image-4869\" srcset=\"https:\/\/www.portalalerta.com.br\/wp-content\/uploads\/2018\/02\/Auto-Escola-Nobre.jpg 720w, https:\/\/www.portalalerta.com.br\/wp-content\/uploads\/2018\/02\/Auto-Escola-Nobre-260x65.jpg 260w, https:\/\/www.portalalerta.com.br\/wp-content\/uploads\/2018\/02\/Auto-Escola-Nobre-50x13.jpg 50w, https:\/\/www.portalalerta.com.br\/wp-content\/uploads\/2018\/02\/Auto-Escola-Nobre-150x38.jpg 150w\" sizes=\"(max-width: 720px) 100vw, 720px\" \/><\/figure><\/div>\n\n\n\n<p>Reinaldo Braga j\u00e1 foi filiado a Arena (partido da Ditadura Militar), ao PDS, MDB, PFL (na era Carlosta), PSL, PR, PS e PR.&nbsp;Em 2018, ap\u00f3s nove mandatos consecutivos, ele foi derrotado nas elei\u00e7\u00f5es, mas agora retorna \u00e0 Alba para cumprir mandato at\u00e9 o fim de 2022.<\/p>\n\n\n\n<p><em>Fonte: A Tarde<\/em><\/p>\n","protected":false},"excerpt":{"rendered":"<p>Deputado assume vaga na Alba at\u00e9 o fim de 2022<\/p>\n","protected":false},"author":2,"featured_media":39268,"comment_status":"open","ping_status":"open","sticky":false,"template":"","format":"standard","meta":{"om_disable_all_campaigns":false,"_monsterinsights_skip_tracking":false,"_monsterinsights_sitenote_active":false,"_monsterinsights_sitenote_note":"","_monsterinsights_sitenote_category":0,"footnotes":""},"categories":[33,70,69,21],"tags":[478,54,5067,5076],"class_list":["post-39263","post","type-post","status-publish","format-standard","has-post-thumbnail","hentry","category-bahia","category-destaques","category-noticias2","category-politica","tag-alba","tag-bahia","tag-joao-isidorio","tag-reinaldo-braga"],"aioseo_notices":[],"_links":{"self":[{"href":"https:\/\/www.portalalerta.com.br\/index.php\/wp-json\/wp\/v2\/posts\/39263","targetHints":{"allow":["GET"]}}],"collection":[{"href":"https:\/\/www.portalalerta.com.br\/index.php\/wp-json\/wp\/v2\/posts"}],"about":[{"href":"https:\/\/www.portalalerta.com.br\/index.php\/wp-json\/wp\/v2\/types\/post"}],"author":[{"embeddable":true,"href":"https:\/\/www.portalalerta.com.br\/index.php\/wp-json\/wp\/v2\/users\/2"}],"replies":[{"embeddable":true,"href":"https:\/\/www.portalalerta.com.br\/index.php\/wp-json\/wp\/v2\/comments?post=39263"}],"version-history":[{"count":1,"href":"https:\/\/www.portalalerta.com.br\/index.php\/wp-json\/wp\/v2\/posts\/39263\/revisions"}],"predecessor-version":[{"id":39269,"href":"https:\/\/www.portalalerta.com.br\/index.php\/wp-json\/wp\/v2\/posts\/39263\/revisions\/39269"}],"wp:featuredmedia":[{"embeddable":true,"href":"https:\/\/www.portalalerta.com.br\/index.php\/wp-json\/wp\/v2\/media\/39268"}],"wp:attachment":[{"href":"https:\/\/www.portalalerta.com.br\/index.php\/wp-json\/wp\/v2\/media?parent=39263"}],"wp:term":[{"taxonomy":"category","embeddable":true,"href":"https:\/\/www.portalalerta.com.br\/index.php\/wp-json\/wp\/v2\/categories?post=39263"},{"taxonomy":"post_tag","embeddable":true,"href":"https:\/\/www.portalalerta.com.br\/index.php\/wp-json\/wp\/v2\/tags?post=39263"}],"curies":[{"name":"wp","href":"https:\/\/api.w.org\/{rel}","templated":true}]}}