{"id":39273,"date":"2021-11-13T14:37:55","date_gmt":"2021-11-13T17:37:55","guid":{"rendered":"https:\/\/www.portalalerta.com.br\/?p=39273"},"modified":"2021-11-13T14:37:56","modified_gmt":"2021-11-13T17:37:56","slug":"bahia-atinge-60-do-publico-alvo-efetivamente-imunizado-contra-covid-19","status":"publish","type":"post","link":"https:\/\/www.portalalerta.com.br\/index.php\/2021\/11\/13\/bahia-atinge-60-do-publico-alvo-efetivamente-imunizado-contra-covid-19\/","title":{"rendered":"Bahia atinge 60% do p\u00fablico-alvo efetivamente imunizado contra Covid-19"},"content":{"rendered":"\n<p>Mais de 85% das pessoas com 12 anos ou mais receberam ao menos primeira dose no estado<\/p>\n\n\n\n<!--more-->\n\n\n\n<p>Com 10.839.310 vacinados contra o coronav\u00edrus (Covid-19) com a primeira dose ou dose \u00fanica, a Bahia j\u00e1 vacinou 85,13% da popula\u00e7\u00e3o com 12 anos ou mais, estimada em 12.732.254. Cerca de 7.723.044 pessoas est\u00e3o imunizadas com as duas doses ou a dose \u00fanica, ou seja, 60,65% do p\u00fablico alvo, de acordo com dados da Secretaria de Sa\u00fade do Estado da Bahia (Sesab).<\/p>\n\n\n\n<div class=\"wp-block-image\"><figure class=\"alignleft size-large is-resized\"><img fetchpriority=\"high\" decoding=\"async\" src=\"https:\/\/www.portalalerta.com.br\/wp-content\/uploads\/2021\/04\/ELAB.jpg\" alt=\"\" class=\"wp-image-34795\" width=\"349\" height=\"279\" srcset=\"https:\/\/www.portalalerta.com.br\/wp-content\/uploads\/2021\/04\/ELAB.jpg 1000w, https:\/\/www.portalalerta.com.br\/wp-content\/uploads\/2021\/04\/ELAB-300x240.jpg 300w, https:\/\/www.portalalerta.com.br\/wp-content\/uploads\/2021\/04\/ELAB-768x614.jpg 768w, https:\/\/www.portalalerta.com.br\/wp-content\/uploads\/2021\/04\/ELAB-183x146.jpg 183w, https:\/\/www.portalalerta.com.br\/wp-content\/uploads\/2021\/04\/ELAB-50x40.jpg 50w, https:\/\/www.portalalerta.com.br\/wp-content\/uploads\/2021\/04\/ELAB-94x75.jpg 94w\" sizes=\"(max-width: 349px) 100vw, 349px\" \/><\/figure><\/div>\n\n\n\n<p>Em Salvador, 2.165.065 receberam a primeira dose ou dose \u00fanica da vacina, o que corresponde a 100,1% da popula\u00e7\u00e3o acima de 12 anos, estimada em 2.161.428, conforme dados Secretaria Municipal da Sa\u00fade (SMS). A parcela da popula\u00e7\u00e3o totalmente imunizada \u00e9 de 1.643.580 pessoas, ou seja, 76%.<\/p>\n\n\n\n<p>J\u00e1 a terceira dose, de refor\u00e7o, para os idosos com 60 anos ou mais, imunossuprimidos e profissionais da \u00e1rea da sa\u00fade foi aplicada em 222.698 indiv\u00edduos na capital baiana.<\/p>\n\n\n\n<p><em>Fonte: Metro1<\/em><\/p>\n","protected":false},"excerpt":{"rendered":"<p>Mais de 85% das pessoas com 12 anos ou mais receberam ao menos primeira dose no estado<\/p>\n","protected":false},"author":2,"featured_media":32200,"comment_status":"open","ping_status":"open","sticky":false,"template":"","format":"standard","meta":{"om_disable_all_campaigns":false,"_monsterinsights_skip_tracking":false,"_monsterinsights_sitenote_active":false,"_monsterinsights_sitenote_note":"","_monsterinsights_sitenote_category":0,"footnotes":""},"categories":[33,70,69,19],"tags":[54,3429,3486,61,3570,371],"class_list":["post-39273","post","type-post","status-publish","format-standard","has-post-thumbnail","hentry","category-bahia","category-destaques","category-noticias2","category-saude","tag-bahia","tag-coronavirus","tag-covid-19","tag-saude","tag-vacina","tag-vacinacao"],"aioseo_notices":[],"_links":{"self":[{"href":"https:\/\/www.portalalerta.com.br\/index.php\/wp-json\/wp\/v2\/posts\/39273","targetHints":{"allow":["GET"]}}],"collection":[{"href":"https:\/\/www.portalalerta.com.br\/index.php\/wp-json\/wp\/v2\/posts"}],"about":[{"href":"https:\/\/www.portalalerta.com.br\/index.php\/wp-json\/wp\/v2\/types\/post"}],"author":[{"embeddable":true,"href":"https:\/\/www.portalalerta.com.br\/index.php\/wp-json\/wp\/v2\/users\/2"}],"replies":[{"embeddable":true,"href":"https:\/\/www.portalalerta.com.br\/index.php\/wp-json\/wp\/v2\/comments?post=39273"}],"version-history":[{"count":1,"href":"https:\/\/www.portalalerta.com.br\/index.php\/wp-json\/wp\/v2\/posts\/39273\/revisions"}],"predecessor-version":[{"id":39279,"href":"https:\/\/www.portalalerta.com.br\/index.php\/wp-json\/wp\/v2\/posts\/39273\/revisions\/39279"}],"wp:featuredmedia":[{"embeddable":true,"href":"https:\/\/www.portalalerta.com.br\/index.php\/wp-json\/wp\/v2\/media\/32200"}],"wp:attachment":[{"href":"https:\/\/www.portalalerta.com.br\/index.php\/wp-json\/wp\/v2\/media?parent=39273"}],"wp:term":[{"taxonomy":"category","embeddable":true,"href":"https:\/\/www.portalalerta.com.br\/index.php\/wp-json\/wp\/v2\/categories?post=39273"},{"taxonomy":"post_tag","embeddable":true,"href":"https:\/\/www.portalalerta.com.br\/index.php\/wp-json\/wp\/v2\/tags?post=39273"}],"curies":[{"name":"wp","href":"https:\/\/api.w.org\/{rel}","templated":true}]}}