{"id":39274,"date":"2021-11-13T14:46:56","date_gmt":"2021-11-13T17:46:56","guid":{"rendered":"https:\/\/www.portalalerta.com.br\/?p=39274"},"modified":"2021-11-13T14:46:58","modified_gmt":"2021-11-13T17:46:58","slug":"em-acoes-distintas-policia-recupera-dois-veiculos-roubados-em-adustina-ba","status":"publish","type":"post","link":"https:\/\/www.portalalerta.com.br\/index.php\/2021\/11\/13\/em-acoes-distintas-policia-recupera-dois-veiculos-roubados-em-adustina-ba\/","title":{"rendered":"Em a\u00e7\u00f5es distintas, pol\u00edcia recupera dois ve\u00edculos roubados, em Adustina-BA"},"content":{"rendered":"\n<p>Em duas a\u00e7\u00f5es destintas, policiais militares do 4\u00ba pelot\u00e3o\/ Adustina-BA recuperaram duas motos, provenientes de furto\/ roubo.<\/p>\n\n\n\n<!--more-->\n\n\n\n<div class=\"wp-block-image\"><figure class=\"aligncenter size-large\"><img fetchpriority=\"high\" decoding=\"async\" width=\"720\" height=\"181\" src=\"https:\/\/www.portalalerta.com.br\/wp-content\/uploads\/2018\/02\/Auto-Escola-Nobre.jpg\" alt=\"\" class=\"wp-image-4869\" srcset=\"https:\/\/www.portalalerta.com.br\/wp-content\/uploads\/2018\/02\/Auto-Escola-Nobre.jpg 720w, https:\/\/www.portalalerta.com.br\/wp-content\/uploads\/2018\/02\/Auto-Escola-Nobre-260x65.jpg 260w, https:\/\/www.portalalerta.com.br\/wp-content\/uploads\/2018\/02\/Auto-Escola-Nobre-50x13.jpg 50w, https:\/\/www.portalalerta.com.br\/wp-content\/uploads\/2018\/02\/Auto-Escola-Nobre-150x38.jpg 150w\" sizes=\"(max-width: 720px) 100vw, 720px\" \/><\/figure><\/div>\n\n\n\n<p>A primeira a\u00e7\u00e3o aconteceu por volta das 11hs, no povoado Formigueiro, momento em que os militares realizavam rondas rurais, e visualizaram uma moto Honda Bros de cor vermelha, sentido contr\u00e1rio, por\u00e9m o condutor ao perceber a viatura, fez uma manobra brusca, dando in\u00edcio a uma fuga. O ve\u00edculo foi encontrado estacionado, j\u00e1 sem o suspeito, por\u00e9m ao ter os dados identificadores consultados, foi constatado se tratar de origem criminosa.<\/p>\n\n\n\n<figure class=\"wp-block-image size-large\"><img decoding=\"async\" width=\"1024\" height=\"576\" src=\"https:\/\/www.portalalerta.com.br\/wp-content\/uploads\/2021\/11\/veiculo-recuperado-em-Adustina-2021.1-1024x576.jpeg\" alt=\"\" class=\"wp-image-39280\" srcset=\"https:\/\/www.portalalerta.com.br\/wp-content\/uploads\/2021\/11\/veiculo-recuperado-em-Adustina-2021.1-1024x576.jpeg 1024w, https:\/\/www.portalalerta.com.br\/wp-content\/uploads\/2021\/11\/veiculo-recuperado-em-Adustina-2021.1-427x240.jpeg 427w, https:\/\/www.portalalerta.com.br\/wp-content\/uploads\/2021\/11\/veiculo-recuperado-em-Adustina-2021.1-768x432.jpeg 768w, https:\/\/www.portalalerta.com.br\/wp-content\/uploads\/2021\/11\/veiculo-recuperado-em-Adustina-2021.1-1536x864.jpeg 1536w, https:\/\/www.portalalerta.com.br\/wp-content\/uploads\/2021\/11\/veiculo-recuperado-em-Adustina-2021.1-260x146.jpeg 260w, https:\/\/www.portalalerta.com.br\/wp-content\/uploads\/2021\/11\/veiculo-recuperado-em-Adustina-2021.1-50x28.jpeg 50w, https:\/\/www.portalalerta.com.br\/wp-content\/uploads\/2021\/11\/veiculo-recuperado-em-Adustina-2021.1-133x75.jpeg 133w, https:\/\/www.portalalerta.com.br\/wp-content\/uploads\/2021\/11\/veiculo-recuperado-em-Adustina-2021.1.jpeg 1599w\" sizes=\"(max-width: 1024px) 100vw, 1024px\" \/><\/figure>\n\n\n\n<p>J\u00e1 a segunda a\u00e7\u00e3o, aconteceu por volta das 21:30hs, na Rua Guaruj\u00e1, quando os militares visualizaram uma motocicleta Honda Pop de cor preta, estacionada na via de circula\u00e7\u00e3o. Ao consultarem os dados identificadores, os policiais constataram se tratar de um ve\u00edculo com restri\u00e7\u00e3o de furto\/ roubo.<\/p>\n\n\n\n<figure class=\"wp-block-image size-large\"><img decoding=\"async\" width=\"1024\" height=\"762\" src=\"https:\/\/www.portalalerta.com.br\/wp-content\/uploads\/2021\/11\/veiculo-recuperado-em-Adustina-2021.2-1024x762.jpeg\" alt=\"\" class=\"wp-image-39281\" srcset=\"https:\/\/www.portalalerta.com.br\/wp-content\/uploads\/2021\/11\/veiculo-recuperado-em-Adustina-2021.2-1024x762.jpeg 1024w, https:\/\/www.portalalerta.com.br\/wp-content\/uploads\/2021\/11\/veiculo-recuperado-em-Adustina-2021.2-323x240.jpeg 323w, https:\/\/www.portalalerta.com.br\/wp-content\/uploads\/2021\/11\/veiculo-recuperado-em-Adustina-2021.2-768x571.jpeg 768w, https:\/\/www.portalalerta.com.br\/wp-content\/uploads\/2021\/11\/veiculo-recuperado-em-Adustina-2021.2-196x146.jpeg 196w, https:\/\/www.portalalerta.com.br\/wp-content\/uploads\/2021\/11\/veiculo-recuperado-em-Adustina-2021.2-50x37.jpeg 50w, https:\/\/www.portalalerta.com.br\/wp-content\/uploads\/2021\/11\/veiculo-recuperado-em-Adustina-2021.2-101x75.jpeg 101w, https:\/\/www.portalalerta.com.br\/wp-content\/uploads\/2021\/11\/veiculo-recuperado-em-Adustina-2021.2.jpeg 1452w\" sizes=\"(max-width: 1024px) 100vw, 1024px\" \/><\/figure>\n\n\n\n<p>Os dois ve\u00edculos foram conduzidos e apresentados na Delegacia de Pol\u00edcia Civil da cidade, para a devida devolu\u00e7\u00e3o aos seus propriet\u00e1rios.<\/p>\n\n\n\n<p><em>Reda\u00e7\u00e3o: Portal Alerta<\/em><\/p>\n","protected":false},"excerpt":{"rendered":"<p>Em duas a\u00e7\u00f5es destintas, policiais militares do 4\u00ba pelot\u00e3o\/ Adustina-BA recuperaram duas motos, provenientes de furto\/ roubo.<\/p>\n","protected":false},"author":2,"featured_media":37883,"comment_status":"open","ping_status":"open","sticky":false,"template":"","format":"standard","meta":{"om_disable_all_campaigns":false,"_monsterinsights_skip_tracking":false,"_monsterinsights_sitenote_active":false,"_monsterinsights_sitenote_note":"","_monsterinsights_sitenote_category":0,"footnotes":""},"categories":[40,70,69,32,22],"tags":[100,79,101,102],"class_list":["post-39274","post","type-post","status-publish","format-standard","has-post-thumbnail","hentry","category-adustina","category-destaques","category-noticias2","category-regiao","category-seguranca","tag-adustina","tag-policia-militar","tag-roubo-de-moto","tag-veiculo-recuperado"],"aioseo_notices":[],"_links":{"self":[{"href":"https:\/\/www.portalalerta.com.br\/index.php\/wp-json\/wp\/v2\/posts\/39274","targetHints":{"allow":["GET"]}}],"collection":[{"href":"https:\/\/www.portalalerta.com.br\/index.php\/wp-json\/wp\/v2\/posts"}],"about":[{"href":"https:\/\/www.portalalerta.com.br\/index.php\/wp-json\/wp\/v2\/types\/post"}],"author":[{"embeddable":true,"href":"https:\/\/www.portalalerta.com.br\/index.php\/wp-json\/wp\/v2\/users\/2"}],"replies":[{"embeddable":true,"href":"https:\/\/www.portalalerta.com.br\/index.php\/wp-json\/wp\/v2\/comments?post=39274"}],"version-history":[{"count":1,"href":"https:\/\/www.portalalerta.com.br\/index.php\/wp-json\/wp\/v2\/posts\/39274\/revisions"}],"predecessor-version":[{"id":39282,"href":"https:\/\/www.portalalerta.com.br\/index.php\/wp-json\/wp\/v2\/posts\/39274\/revisions\/39282"}],"wp:featuredmedia":[{"embeddable":true,"href":"https:\/\/www.portalalerta.com.br\/index.php\/wp-json\/wp\/v2\/media\/37883"}],"wp:attachment":[{"href":"https:\/\/www.portalalerta.com.br\/index.php\/wp-json\/wp\/v2\/media?parent=39274"}],"wp:term":[{"taxonomy":"category","embeddable":true,"href":"https:\/\/www.portalalerta.com.br\/index.php\/wp-json\/wp\/v2\/categories?post=39274"},{"taxonomy":"post_tag","embeddable":true,"href":"https:\/\/www.portalalerta.com.br\/index.php\/wp-json\/wp\/v2\/tags?post=39274"}],"curies":[{"name":"wp","href":"https:\/\/api.w.org\/{rel}","templated":true}]}}