{"id":39275,"date":"2021-11-13T14:50:54","date_gmt":"2021-11-13T17:50:54","guid":{"rendered":"https:\/\/www.portalalerta.com.br\/?p=39275"},"modified":"2021-11-13T14:50:55","modified_gmt":"2021-11-13T17:50:55","slug":"laudo-do-iml-aponta-que-joao-isidorio-teve-fratura-na-coluna-cervical-ao-pular-no-mar","status":"publish","type":"post","link":"https:\/\/www.portalalerta.com.br\/index.php\/2021\/11\/13\/laudo-do-iml-aponta-que-joao-isidorio-teve-fratura-na-coluna-cervical-ao-pular-no-mar\/","title":{"rendered":"Laudo do IML aponta que Jo\u00e3o Isidorio teve fratura na coluna cervical ao pular no mar"},"content":{"rendered":"\n<p>O laudo do Instituto M\u00e9dico Legal (IML) apontou que o deputado estadual Jo\u00e3o Isidorio (Avante) fraturou a coluna cervical ap\u00f3s pular de cabe\u00e7a no mar na praia de Loreto, em Ilha dos Frades, o que ocasionou o desmaio do parlamentar e posterior afogamento.<\/p>\n\n\n\n<!--more-->\n\n\n\n<p>Jo\u00e3o chegou a ser levado ao hospital municipal de Madre de Deus, na Regi\u00e3o Metropolitana de Salvador (RMS), mas j\u00e1 chegou ao local sem sinais de vida.<\/p>\n\n\n\n<div class=\"wp-block-image\"><figure class=\"alignleft size-large is-resized\"><img fetchpriority=\"high\" decoding=\"async\" src=\"https:\/\/www.portalalerta.com.br\/wp-content\/uploads\/2021\/10\/Cred-Real-1024x1024.jpeg\" alt=\"\" class=\"wp-image-38729\" width=\"304\" height=\"304\" srcset=\"https:\/\/www.portalalerta.com.br\/wp-content\/uploads\/2021\/10\/Cred-Real-1024x1024.jpeg 1024w, https:\/\/www.portalalerta.com.br\/wp-content\/uploads\/2021\/10\/Cred-Real-240x240.jpeg 240w, https:\/\/www.portalalerta.com.br\/wp-content\/uploads\/2021\/10\/Cred-Real-768x768.jpeg 768w, https:\/\/www.portalalerta.com.br\/wp-content\/uploads\/2021\/10\/Cred-Real-1536x1536.jpeg 1536w, https:\/\/www.portalalerta.com.br\/wp-content\/uploads\/2021\/10\/Cred-Real-146x146.jpeg 146w, https:\/\/www.portalalerta.com.br\/wp-content\/uploads\/2021\/10\/Cred-Real-50x50.jpeg 50w, https:\/\/www.portalalerta.com.br\/wp-content\/uploads\/2021\/10\/Cred-Real-75x75.jpeg 75w, https:\/\/www.portalalerta.com.br\/wp-content\/uploads\/2021\/10\/Cred-Real-85x85.jpeg 85w, https:\/\/www.portalalerta.com.br\/wp-content\/uploads\/2021\/10\/Cred-Real-80x80.jpeg 80w, https:\/\/www.portalalerta.com.br\/wp-content\/uploads\/2021\/10\/Cred-Real.jpeg 1920w\" sizes=\"(max-width: 304px) 100vw, 304px\" \/><\/figure><\/div>\n\n\n\n<p>O vel\u00f3rio do filho do deputado federal, Pastor Sargento Isid\u00f3rio (Avante), na manh\u00e3 desta sexta-feira, 12, na Funda\u00e7\u00e3o Dr.Jesus, em Candeias, foi marcado pelo clima de como\u00e7\u00e3o. Diversos pol\u00edticos do estado estiveram presentes como o senador Jaques Wagner (PT), o vice-governador Jo\u00e3o Le\u00e3o (PP), o prefeito de Candeias Dr.Pitagoras, e diversos colegas de Assembleia Legislativa de Isidorio filho.<\/p>\n\n\n\n<p>Muito emocionado, o Pastor Sargento Isidorio precisou ser amparado por diversas pessoas durante a recep\u00e7\u00e3o. Em postagem em uma rede social na manh\u00e3 de sexta-feira, Isidorio lamentou a morte do filho e publicou trechos da b\u00edblia para se despedir do ente querido. <strong><em>&#8220;Aguardamos no Senhor Jesus que ele repouse nas mans\u00f5es celestiais&#8221;<\/em><\/strong>, disse.<\/p>\n\n\n\n<p>Jo\u00e3o Isidorio tinha 29 anos e estava em seu primeiro mandato como deputado estadual na Bahia ap\u00f3s ter sido o mais votado para o cargo, com 110 mil votos, na elei\u00e7\u00e3o de 2018.<\/p>\n\n\n\n<p><em>Fonte: A Tarde<\/em><\/p>\n","protected":false},"excerpt":{"rendered":"<p>O laudo do Instituto M\u00e9dico Legal (IML) apontou que o deputado estadual Jo\u00e3o Isidorio (Avante) fraturou a coluna cervical ap\u00f3s pular de cabe\u00e7a no mar na praia de Loreto, em Ilha dos Frades, o que ocasionou o desmaio do parlamentar e posterior afogamento.<\/p>\n","protected":false},"author":2,"featured_media":39243,"comment_status":"open","ping_status":"open","sticky":false,"template":"","format":"standard","meta":{"om_disable_all_campaigns":false,"_monsterinsights_skip_tracking":false,"_monsterinsights_sitenote_active":false,"_monsterinsights_sitenote_note":"","_monsterinsights_sitenote_category":0,"footnotes":""},"categories":[33,70,69,21],"tags":[54,346,5067,2309,169],"class_list":["post-39275","post","type-post","status-publish","format-standard","has-post-thumbnail","hentry","category-bahia","category-destaques","category-noticias2","category-politica","tag-bahia","tag-iml","tag-joao-isidorio","tag-laudo","tag-morte"],"aioseo_notices":[],"_links":{"self":[{"href":"https:\/\/www.portalalerta.com.br\/index.php\/wp-json\/wp\/v2\/posts\/39275","targetHints":{"allow":["GET"]}}],"collection":[{"href":"https:\/\/www.portalalerta.com.br\/index.php\/wp-json\/wp\/v2\/posts"}],"about":[{"href":"https:\/\/www.portalalerta.com.br\/index.php\/wp-json\/wp\/v2\/types\/post"}],"author":[{"embeddable":true,"href":"https:\/\/www.portalalerta.com.br\/index.php\/wp-json\/wp\/v2\/users\/2"}],"replies":[{"embeddable":true,"href":"https:\/\/www.portalalerta.com.br\/index.php\/wp-json\/wp\/v2\/comments?post=39275"}],"version-history":[{"count":1,"href":"https:\/\/www.portalalerta.com.br\/index.php\/wp-json\/wp\/v2\/posts\/39275\/revisions"}],"predecessor-version":[{"id":39283,"href":"https:\/\/www.portalalerta.com.br\/index.php\/wp-json\/wp\/v2\/posts\/39275\/revisions\/39283"}],"wp:featuredmedia":[{"embeddable":true,"href":"https:\/\/www.portalalerta.com.br\/index.php\/wp-json\/wp\/v2\/media\/39243"}],"wp:attachment":[{"href":"https:\/\/www.portalalerta.com.br\/index.php\/wp-json\/wp\/v2\/media?parent=39275"}],"wp:term":[{"taxonomy":"category","embeddable":true,"href":"https:\/\/www.portalalerta.com.br\/index.php\/wp-json\/wp\/v2\/categories?post=39275"},{"taxonomy":"post_tag","embeddable":true,"href":"https:\/\/www.portalalerta.com.br\/index.php\/wp-json\/wp\/v2\/tags?post=39275"}],"curies":[{"name":"wp","href":"https:\/\/api.w.org\/{rel}","templated":true}]}}