{"id":39284,"date":"2021-11-13T15:15:03","date_gmt":"2021-11-13T18:15:03","guid":{"rendered":"https:\/\/www.portalalerta.com.br\/?p=39284"},"modified":"2021-11-14T00:03:53","modified_gmt":"2021-11-14T03:03:53","slug":"com-38-casos-suspeitos-de-covid-19-ribeira-do-pombal-ba-ascende-a-luz-de-alerta-em-relacao-a-pandemia","status":"publish","type":"post","link":"https:\/\/www.portalalerta.com.br\/index.php\/2021\/11\/13\/com-38-casos-suspeitos-de-covid-19-ribeira-do-pombal-ba-ascende-a-luz-de-alerta-em-relacao-a-pandemia\/","title":{"rendered":"Com 38 casos suspeitos de Covid-19, Ribeira do Pombal-BA acende a luz de alerta em rela\u00e7\u00e3o \u00e0 pandemia"},"content":{"rendered":"\n<p>O \u00faltimo Boletim Epidemiol\u00f3gico semanal divulgado pela Secretaria Municipal de Sa\u00fade de Ribeira do Pombal-BA, nesta sexta-feira (12), acendeu a luz de alerta no que se refere ao acompanhamento do comportamento da pandemia na cidade.<\/p>\n\n\n\n<!--more-->\n\n\n\n<p>Isso porque 38 pessoas est\u00e3o com suspeita da doen\u00e7a, aguardando resultado de exame RT PCR, realizado pelo Laborat\u00f3rio Central (LACEN).<\/p>\n\n\n\n<p>Al\u00e9m disso, o Boletim aponta que desde o in\u00edcio da pandemia, Ribeira do Pombal registrou 5.278 infec\u00e7\u00f5es, sendo que destes apenas <strong>03 est\u00e3o ativos (&lt;1%), 5.201 curados (98%), e 74 morreram (1%<\/strong>).<\/p>\n\n\n\n<p><em>Reda\u00e7\u00e3o: Portal Alerta<\/em><\/p>\n","protected":false},"excerpt":{"rendered":"<p>O \u00faltimo Boletim Epidemiol\u00f3gico semanal divulgado pela Secretaria Municipal de Sa\u00fade de Ribeira do Pombal-BA, nesta sexta-feira (12), acendeu a luz de alerta no que se refere ao acompanhamento do comportamento da pandemia na cidade.<\/p>\n","protected":false},"author":2,"featured_media":23627,"comment_status":"open","ping_status":"open","sticky":false,"template":"","format":"standard","meta":{"om_disable_all_campaigns":false,"_monsterinsights_skip_tracking":false,"_monsterinsights_sitenote_active":false,"_monsterinsights_sitenote_note":"","_monsterinsights_sitenote_category":0,"footnotes":""},"categories":[70,69,32,3,19],"tags":[3429,3486,47,61],"class_list":["post-39284","post","type-post","status-publish","format-standard","has-post-thumbnail","hentry","category-destaques","category-noticias2","category-regiao","category-ribeira-do-pombal","category-saude","tag-coronavirus","tag-covid-19","tag-ribeira-do-pombal","tag-saude"],"aioseo_notices":[],"_links":{"self":[{"href":"https:\/\/www.portalalerta.com.br\/index.php\/wp-json\/wp\/v2\/posts\/39284","targetHints":{"allow":["GET"]}}],"collection":[{"href":"https:\/\/www.portalalerta.com.br\/index.php\/wp-json\/wp\/v2\/posts"}],"about":[{"href":"https:\/\/www.portalalerta.com.br\/index.php\/wp-json\/wp\/v2\/types\/post"}],"author":[{"embeddable":true,"href":"https:\/\/www.portalalerta.com.br\/index.php\/wp-json\/wp\/v2\/users\/2"}],"replies":[{"embeddable":true,"href":"https:\/\/www.portalalerta.com.br\/index.php\/wp-json\/wp\/v2\/comments?post=39284"}],"version-history":[{"count":2,"href":"https:\/\/www.portalalerta.com.br\/index.php\/wp-json\/wp\/v2\/posts\/39284\/revisions"}],"predecessor-version":[{"id":39288,"href":"https:\/\/www.portalalerta.com.br\/index.php\/wp-json\/wp\/v2\/posts\/39284\/revisions\/39288"}],"wp:featuredmedia":[{"embeddable":true,"href":"https:\/\/www.portalalerta.com.br\/index.php\/wp-json\/wp\/v2\/media\/23627"}],"wp:attachment":[{"href":"https:\/\/www.portalalerta.com.br\/index.php\/wp-json\/wp\/v2\/media?parent=39284"}],"wp:term":[{"taxonomy":"category","embeddable":true,"href":"https:\/\/www.portalalerta.com.br\/index.php\/wp-json\/wp\/v2\/categories?post=39284"},{"taxonomy":"post_tag","embeddable":true,"href":"https:\/\/www.portalalerta.com.br\/index.php\/wp-json\/wp\/v2\/tags?post=39284"}],"curies":[{"name":"wp","href":"https:\/\/api.w.org\/{rel}","templated":true}]}}