{"id":39286,"date":"2021-11-13T23:59:19","date_gmt":"2021-11-14T02:59:19","guid":{"rendered":"https:\/\/www.portalalerta.com.br\/?p=39286"},"modified":"2021-11-13T23:59:20","modified_gmt":"2021-11-14T02:59:20","slug":"secretaria-afirma-que-as-38-pessoas-que-aguardam-resultado-do-lacen-estao-assintomaticas-e-nao-ha-motivos-para-preocupacao-com-a-covid-19-em-ribeira-do-pombal-ba","status":"publish","type":"post","link":"https:\/\/www.portalalerta.com.br\/index.php\/2021\/11\/13\/secretaria-afirma-que-as-38-pessoas-que-aguardam-resultado-do-lacen-estao-assintomaticas-e-nao-ha-motivos-para-preocupacao-com-a-covid-19-em-ribeira-do-pombal-ba\/","title":{"rendered":"Secretaria afirma que as 38 pessoas que aguardam resultado do LACEN est\u00e3o assintom\u00e1ticas, e n\u00e3o h\u00e1 motivos para preocupa\u00e7\u00e3o com a Covid-19 em Ribeira do Pombal-BA"},"content":{"rendered":"\n<p>Ap\u00f3s divulga\u00e7\u00e3o de uma mat\u00e9ria no \u00faltimo s\u00e1bado (13), em que apontou 38 exames que aguardam resultado do Laborat\u00f3rio Central do Estado (LACEN), a Secretaria Municipal de Sa\u00fade de Ribeira do Pombal-BA manteve contato com a reda\u00e7\u00e3o do PORTAL ALERTA, afirmando que n\u00e3o h\u00e1 raz\u00e3o para preocupa\u00e7\u00e3o.<\/p>\n\n\n\n<!--more-->\n\n\n\n<div class=\"wp-block-image\"><figure class=\"alignleft size-large is-resized\"><img fetchpriority=\"high\" decoding=\"async\" src=\"https:\/\/www.portalalerta.com.br\/wp-content\/uploads\/2021\/04\/ELAB.jpg\" alt=\"\" class=\"wp-image-34795\" width=\"294\" height=\"235\" srcset=\"https:\/\/www.portalalerta.com.br\/wp-content\/uploads\/2021\/04\/ELAB.jpg 1000w, https:\/\/www.portalalerta.com.br\/wp-content\/uploads\/2021\/04\/ELAB-300x240.jpg 300w, https:\/\/www.portalalerta.com.br\/wp-content\/uploads\/2021\/04\/ELAB-768x614.jpg 768w, https:\/\/www.portalalerta.com.br\/wp-content\/uploads\/2021\/04\/ELAB-183x146.jpg 183w, https:\/\/www.portalalerta.com.br\/wp-content\/uploads\/2021\/04\/ELAB-50x40.jpg 50w, https:\/\/www.portalalerta.com.br\/wp-content\/uploads\/2021\/04\/ELAB-94x75.jpg 94w\" sizes=\"(max-width: 294px) 100vw, 294px\" \/><\/figure><\/div>\n\n\n\n<p>Na mat\u00e9ria em quest\u00e3o, foi dito que o munic\u00edpio acende o sinal de alerta diante da pandemia, tendo em vista que existem 38 casos suspeitos, aguardando os referidos resultados (<strong><a href=\"https:\/\/www.portalalerta.com.br\/index.php\/2021\/11\/13\/com-38-casos-suspeitos-de-covid-19-ribeira-do-pombal-ba-ascende-a-luz-de-alerta-em-relacao-a-pandemia\/\">Relembre<\/a><\/strong>). Por\u00e9m, de acordo com a Secretaria, os exames em quest\u00e3o, n\u00e3o se referem a casos suspeitos, mas sim aos testes realizados no Programa <strong><a href=\"https:\/\/www.portalalerta.com.br\/index.php\/2021\/11\/11\/ribeira-do-pombal-ba-inicia-o-projeto-partiu-testagem-nas-escolas\/\">\u201cPartiu testagens nas escolas\u201d<\/a><\/strong>, em que alunos assintom\u00e1ticos se voluntariaram para a realiza\u00e7\u00e3o dos referidos exames, sendo utilizados como &nbsp;um rastreio, que visa estudar o comportamento da Covid-19, bem como a identifica\u00e7\u00e3o de casos ativos assintom\u00e1ticos.<\/p>\n\n\n\n<p>O Programa \u201cPartiu testagem nas Escolas\u201d, teve in\u00edcio em Ribeira do Pombal nesta semana, e ter\u00e1 continuidade at\u00e9 2022, com todos os alunos e profissionais da educa\u00e7\u00e3o da rede p\u00fablica de ensino, que tenham interesse em participar.<\/p>\n\n\n\n<p><em>Reda\u00e7\u00e3o: Portal Alerta<\/em><\/p>\n","protected":false},"excerpt":{"rendered":"<p>Ap\u00f3s divulga\u00e7\u00e3o de uma mat\u00e9ria no \u00faltimo s\u00e1bado (13), em que apontou 38 exames que aguardam resultado do Laborat\u00f3rio Central do Estado (LACEN), a Secretaria Municipal de Sa\u00fade de Ribeira do Pombal-BA manteve contato com a reda\u00e7\u00e3o do PORTAL ALERTA, afirmando que n\u00e3o h\u00e1 raz\u00e3o para preocupa\u00e7\u00e3o.<\/p>\n","protected":false},"author":2,"featured_media":24118,"comment_status":"open","ping_status":"open","sticky":false,"template":"","format":"standard","meta":{"om_disable_all_campaigns":false,"_monsterinsights_skip_tracking":false,"_monsterinsights_sitenote_active":false,"_monsterinsights_sitenote_note":"","_monsterinsights_sitenote_category":0,"footnotes":""},"categories":[70,69,32,3,19],"tags":[3429,3486,47,61,433],"class_list":["post-39286","post","type-post","status-publish","format-standard","has-post-thumbnail","hentry","category-destaques","category-noticias2","category-regiao","category-ribeira-do-pombal","category-saude","tag-coronavirus","tag-covid-19","tag-ribeira-do-pombal","tag-saude","tag-secretaria-de-saude"],"aioseo_notices":[],"_links":{"self":[{"href":"https:\/\/www.portalalerta.com.br\/index.php\/wp-json\/wp\/v2\/posts\/39286","targetHints":{"allow":["GET"]}}],"collection":[{"href":"https:\/\/www.portalalerta.com.br\/index.php\/wp-json\/wp\/v2\/posts"}],"about":[{"href":"https:\/\/www.portalalerta.com.br\/index.php\/wp-json\/wp\/v2\/types\/post"}],"author":[{"embeddable":true,"href":"https:\/\/www.portalalerta.com.br\/index.php\/wp-json\/wp\/v2\/users\/2"}],"replies":[{"embeddable":true,"href":"https:\/\/www.portalalerta.com.br\/index.php\/wp-json\/wp\/v2\/comments?post=39286"}],"version-history":[{"count":1,"href":"https:\/\/www.portalalerta.com.br\/index.php\/wp-json\/wp\/v2\/posts\/39286\/revisions"}],"predecessor-version":[{"id":39287,"href":"https:\/\/www.portalalerta.com.br\/index.php\/wp-json\/wp\/v2\/posts\/39286\/revisions\/39287"}],"wp:featuredmedia":[{"embeddable":true,"href":"https:\/\/www.portalalerta.com.br\/index.php\/wp-json\/wp\/v2\/media\/24118"}],"wp:attachment":[{"href":"https:\/\/www.portalalerta.com.br\/index.php\/wp-json\/wp\/v2\/media?parent=39286"}],"wp:term":[{"taxonomy":"category","embeddable":true,"href":"https:\/\/www.portalalerta.com.br\/index.php\/wp-json\/wp\/v2\/categories?post=39286"},{"taxonomy":"post_tag","embeddable":true,"href":"https:\/\/www.portalalerta.com.br\/index.php\/wp-json\/wp\/v2\/tags?post=39286"}],"curies":[{"name":"wp","href":"https:\/\/api.w.org\/{rel}","templated":true}]}}