{"id":39289,"date":"2021-11-15T19:02:42","date_gmt":"2021-11-15T22:02:42","guid":{"rendered":"https:\/\/www.portalalerta.com.br\/?p=39289"},"modified":"2021-11-15T19:02:43","modified_gmt":"2021-11-15T22:02:43","slug":"filiacao-de-bolsonaro-ao-pl-e-suspensa-e-falta-de-acordo-termina-com-troca-de-ofensas-entre-bolsonaro-e-costa-neto","status":"publish","type":"post","link":"https:\/\/www.portalalerta.com.br\/index.php\/2021\/11\/15\/filiacao-de-bolsonaro-ao-pl-e-suspensa-e-falta-de-acordo-termina-com-troca-de-ofensas-entre-bolsonaro-e-costa-neto\/","title":{"rendered":"Filia\u00e7\u00e3o de Bolsonaro ao PL \u00e9 suspensa, e falta de acordo termina com troca de ofensas entre Bolsonaro e Costa Neto"},"content":{"rendered":"\n<p>Uma nota oficial do\u00a0presidente do PL, Valdemar da Costa Neto, provocou surpresa na manh\u00e3 deste domingo (14\/11), ao anunciar que o\u00a0evento de filia\u00e7\u00e3o do presidente Jair Bolsonaro, marcado para o pr\u00f3ximo dia 22, estava desmarcado.<\/p>\n\n\n\n<!--more-->\n\n\n\n<p>O cancelamento foi decidido em \u201ccomum acordo\u201d entre membros do partido e o\u00a0presidente Jair Bolsonaro, \u201cap\u00f3s intensa troca de mensagens na madrugada deste domingo\u201d.\u00a0<\/p>\n\n\n\n<div class=\"wp-block-image\"><figure class=\"aligncenter size-large\"><img fetchpriority=\"high\" decoding=\"async\" width=\"720\" height=\"181\" src=\"https:\/\/www.portalalerta.com.br\/wp-content\/uploads\/2018\/02\/Auto-Escola-Nobre.jpg\" alt=\"\" class=\"wp-image-4869\" srcset=\"https:\/\/www.portalalerta.com.br\/wp-content\/uploads\/2018\/02\/Auto-Escola-Nobre.jpg 720w, https:\/\/www.portalalerta.com.br\/wp-content\/uploads\/2018\/02\/Auto-Escola-Nobre-260x65.jpg 260w, https:\/\/www.portalalerta.com.br\/wp-content\/uploads\/2018\/02\/Auto-Escola-Nobre-50x13.jpg 50w, https:\/\/www.portalalerta.com.br\/wp-content\/uploads\/2018\/02\/Auto-Escola-Nobre-150x38.jpg 150w\" sizes=\"(max-width: 720px) 100vw, 720px\" \/><\/figure><\/div>\n\n\n\n<p>A \u201cintensa troca de mensagens\u201d, segundo o portal O Antagonista, teve troca de insultos entre Costa Neto e Bolsonaro, incluindo um <strong><em>\u201cVTNC voc\u00ea e seus filhos\u201d<\/em><\/strong> escrito pelo l\u00edder do PL ao presidente da Rep\u00fablica.&nbsp;<\/p>\n\n\n\n<p>Tudo teria come\u00e7ado ap\u00f3s discuss\u00e3o sobre o diret\u00f3rio do partido em S\u00e3o Paulo, que Bolsonaro queria deixar sob comando do deputado federal Eduardo Bolsonaro, seu filho 03.<\/p>\n\n\n\n<p>A conversa teria baixado de n\u00edvel assim que Costa Neto afirmou que o plano de Bolsonaro n\u00e3o seria atendido. <strong><em>\u201cVoc\u00ea pode ser presidente da Rep\u00fablica, mas quem manda no PL sou eu\u201d<\/em><\/strong>, teria escrito o presidente do PL.<\/p>\n\n\n\n<p>O presidente teria ficado enfurecido, atirado um dos mais comuns xingamentos ao futuro-quase-ex-correligion\u00e1rio e recebido de volta <strong><em>\u201cgentileza\u201d<\/em><\/strong> semelhante.&nbsp;<\/p>\n\n\n\n<p><em>Fonte: Yahoo Not\u00edcias<\/em><\/p>\n\n\n\n<p><em>Com informa\u00e7\u00f5es do site Metr\u00f3poles<\/em><\/p>\n","protected":false},"excerpt":{"rendered":"<p>Uma nota oficial do\u00a0presidente do PL, Valdemar da Costa Neto, provocou surpresa na manh\u00e3 deste domingo (14\/11), ao anunciar que o\u00a0evento de filia\u00e7\u00e3o do presidente Jair Bolsonaro, marcado para o pr\u00f3ximo dia 22, estava desmarcado.<\/p>\n","protected":false},"author":2,"featured_media":39207,"comment_status":"open","ping_status":"open","sticky":false,"template":"","format":"standard","meta":{"om_disable_all_campaigns":false,"_monsterinsights_skip_tracking":false,"_monsterinsights_sitenote_active":false,"_monsterinsights_sitenote_note":"","_monsterinsights_sitenote_category":0,"footnotes":""},"categories":[34,70,69,21],"tags":[93,2721,1395,3391,5065],"class_list":["post-39289","post","type-post","status-publish","format-standard","has-post-thumbnail","hentry","category-brasil","category-destaques","category-noticias2","category-politica","tag-brasil","tag-filiacao","tag-jair-bolsonaro","tag-pl","tag-valdemar-costa-neto"],"aioseo_notices":[],"_links":{"self":[{"href":"https:\/\/www.portalalerta.com.br\/index.php\/wp-json\/wp\/v2\/posts\/39289","targetHints":{"allow":["GET"]}}],"collection":[{"href":"https:\/\/www.portalalerta.com.br\/index.php\/wp-json\/wp\/v2\/posts"}],"about":[{"href":"https:\/\/www.portalalerta.com.br\/index.php\/wp-json\/wp\/v2\/types\/post"}],"author":[{"embeddable":true,"href":"https:\/\/www.portalalerta.com.br\/index.php\/wp-json\/wp\/v2\/users\/2"}],"replies":[{"embeddable":true,"href":"https:\/\/www.portalalerta.com.br\/index.php\/wp-json\/wp\/v2\/comments?post=39289"}],"version-history":[{"count":1,"href":"https:\/\/www.portalalerta.com.br\/index.php\/wp-json\/wp\/v2\/posts\/39289\/revisions"}],"predecessor-version":[{"id":39296,"href":"https:\/\/www.portalalerta.com.br\/index.php\/wp-json\/wp\/v2\/posts\/39289\/revisions\/39296"}],"wp:featuredmedia":[{"embeddable":true,"href":"https:\/\/www.portalalerta.com.br\/index.php\/wp-json\/wp\/v2\/media\/39207"}],"wp:attachment":[{"href":"https:\/\/www.portalalerta.com.br\/index.php\/wp-json\/wp\/v2\/media?parent=39289"}],"wp:term":[{"taxonomy":"category","embeddable":true,"href":"https:\/\/www.portalalerta.com.br\/index.php\/wp-json\/wp\/v2\/categories?post=39289"},{"taxonomy":"post_tag","embeddable":true,"href":"https:\/\/www.portalalerta.com.br\/index.php\/wp-json\/wp\/v2\/tags?post=39289"}],"curies":[{"name":"wp","href":"https:\/\/api.w.org\/{rel}","templated":true}]}}