{"id":39291,"date":"2021-11-15T19:29:53","date_gmt":"2021-11-15T22:29:53","guid":{"rendered":"https:\/\/www.portalalerta.com.br\/?p=39291"},"modified":"2021-11-15T19:29:55","modified_gmt":"2021-11-15T22:29:55","slug":"jovem-de-19-anos-morre-em-acidente-de-transito-no-centro-de-tucano-ba","status":"publish","type":"post","link":"https:\/\/www.portalalerta.com.br\/index.php\/2021\/11\/15\/jovem-de-19-anos-morre-em-acidente-de-transito-no-centro-de-tucano-ba\/","title":{"rendered":"Jovem de 19 anos morre em acidente de tr\u00e2nsito, no centro de Tucano-BA"},"content":{"rendered":"\n<p>Morreu&nbsp; no final da tarde de domingo (14), o jovem&nbsp; Jos\u00e9 Vandilson Bastos dos Santos, de 19 anos, v\u00edtima&nbsp; de colis\u00e3o&nbsp; entre&nbsp; &nbsp;motocicleta&nbsp; e um&nbsp; caminh\u00e3o.&nbsp; O acidente aconteceu por volta&nbsp;das 17:10hs, na pra\u00e7a Pio Miranda Bastos, em frente&nbsp;\u00e0 2\u00aa Igreja Batista Boas Novas, no centro da cidade.&nbsp;<\/p>\n\n\n\n<!--more-->\n\n\n\n<div class=\"wp-block-image\"><figure class=\"alignleft size-large\"><img fetchpriority=\"high\" decoding=\"async\" width=\"299\" height=\"300\" src=\"https:\/\/www.portalalerta.com.br\/wp-content\/uploads\/2021\/07\/A-Voz-do-Sertao.1.jpg\" alt=\"\" class=\"wp-image-36575\" srcset=\"https:\/\/www.portalalerta.com.br\/wp-content\/uploads\/2021\/07\/A-Voz-do-Sertao.1.jpg 299w, https:\/\/www.portalalerta.com.br\/wp-content\/uploads\/2021\/07\/A-Voz-do-Sertao.1-239x240.jpg 239w, https:\/\/www.portalalerta.com.br\/wp-content\/uploads\/2021\/07\/A-Voz-do-Sertao.1-146x146.jpg 146w, https:\/\/www.portalalerta.com.br\/wp-content\/uploads\/2021\/07\/A-Voz-do-Sertao.1-50x50.jpg 50w, https:\/\/www.portalalerta.com.br\/wp-content\/uploads\/2021\/07\/A-Voz-do-Sertao.1-75x75.jpg 75w, https:\/\/www.portalalerta.com.br\/wp-content\/uploads\/2021\/07\/A-Voz-do-Sertao.1-85x85.jpg 85w, https:\/\/www.portalalerta.com.br\/wp-content\/uploads\/2021\/07\/A-Voz-do-Sertao.1-80x80.jpg 80w\" sizes=\"(max-width: 299px) 100vw, 299px\" \/><\/figure><\/div>\n\n\n\n<p>Segundo informa\u00e7\u00f5es&nbsp;de populares, o jovem conduzia&nbsp;uma&nbsp;motocicleta Honda CG de cor vermelha, Placa Policial JOF \u2013 4627, licen\u00e7a de Ribeira do Pombal-BA, quando tentava fazer uma curva e colidiu com o caminh\u00e3o que seguia na via. Ainda de acordo com as informa\u00e7\u00f5es, a motocicleta ficou presa ao guincho do ve\u00edculo de grande porte.&nbsp;<\/p>\n\n\n\n<p>Com o impacto, o condutor foi projetado ao asfalto caindo embaixo&nbsp;dos pneus, sendo arrastado por cerca de quatro metros, onde n\u00e3o resistiu. O condutor&nbsp;do caminh\u00e3o que pertence a uma construtora, fugiu do local, com medo de repres\u00e1lia.<\/p>\n\n\n\n<p>A equipe do Servi\u00e7o de Atendimento&nbsp;M\u00f3vel de Urg\u00eancia (SAMU) foi acionada, por\u00e9m nada p\u00f4de fazer, uma vez que a v\u00edtima&nbsp;j\u00e1 estava sem os sinais vitais.&nbsp; Policiais militares da 2\u00aa Cia \u2013 Tucano, estiveram no local realizando os procedimentos&nbsp; de praxe.<\/p>\n\n\n\n<div class=\"wp-block-image\"><figure class=\"aligncenter size-large\"><img decoding=\"async\" width=\"620\" height=\"330\" src=\"https:\/\/www.portalalerta.com.br\/wp-content\/uploads\/2021\/11\/acidente-em-Tucano-2021.1.jpg\" alt=\"\" class=\"wp-image-39300\" srcset=\"https:\/\/www.portalalerta.com.br\/wp-content\/uploads\/2021\/11\/acidente-em-Tucano-2021.1.jpg 620w, https:\/\/www.portalalerta.com.br\/wp-content\/uploads\/2021\/11\/acidente-em-Tucano-2021.1-451x240.jpg 451w, https:\/\/www.portalalerta.com.br\/wp-content\/uploads\/2021\/11\/acidente-em-Tucano-2021.1-260x138.jpg 260w, https:\/\/www.portalalerta.com.br\/wp-content\/uploads\/2021\/11\/acidente-em-Tucano-2021.1-50x27.jpg 50w, https:\/\/www.portalalerta.com.br\/wp-content\/uploads\/2021\/11\/acidente-em-Tucano-2021.1-141x75.jpg 141w\" sizes=\"(max-width: 620px) 100vw, 620px\" \/><\/figure><\/div>\n\n\n\n<p>O corpo de \u201cGongon\u201d, como era conhecido, foi periciado&nbsp;e em seguida removido para o Departamento de Pol\u00edcia T\u00e9cnica (DPT), da cidade&nbsp;de Euclides da Cunha, para ser necropsiado.<\/p>\n\n\n\n<p><em>Fonte: Gil Santos <\/em><em><\/em><\/p>\n","protected":false},"excerpt":{"rendered":"<p>Morreu&nbsp; no final da tarde de domingo (14), o jovem&nbsp; Jos\u00e9 Vandilson Bastos dos Santos, de 19 anos, v\u00edtima&nbsp; de colis\u00e3o&nbsp; entre&nbsp; &nbsp;motocicleta&nbsp; e um&nbsp; caminh\u00e3o.&nbsp; O acidente aconteceu por volta&nbsp;das 17:10hs, na pra\u00e7a Pio Miranda Bastos, em frente&nbsp;\u00e0 2\u00aa Igreja Batista Boas Novas, no centro da cidade.&nbsp;<\/p>\n","protected":false},"author":2,"featured_media":39302,"comment_status":"open","ping_status":"open","sticky":false,"template":"","format":"standard","meta":{"om_disable_all_campaigns":false,"_monsterinsights_skip_tracking":false,"_monsterinsights_sitenote_active":false,"_monsterinsights_sitenote_note":"","_monsterinsights_sitenote_category":0,"footnotes":""},"categories":[70,69,32,12],"tags":[166,169,190],"class_list":["post-39291","post","type-post","status-publish","format-standard","has-post-thumbnail","hentry","category-destaques","category-noticias2","category-regiao","category-tucano","tag-acidente","tag-morte","tag-tucano"],"aioseo_notices":[],"_links":{"self":[{"href":"https:\/\/www.portalalerta.com.br\/index.php\/wp-json\/wp\/v2\/posts\/39291","targetHints":{"allow":["GET"]}}],"collection":[{"href":"https:\/\/www.portalalerta.com.br\/index.php\/wp-json\/wp\/v2\/posts"}],"about":[{"href":"https:\/\/www.portalalerta.com.br\/index.php\/wp-json\/wp\/v2\/types\/post"}],"author":[{"embeddable":true,"href":"https:\/\/www.portalalerta.com.br\/index.php\/wp-json\/wp\/v2\/users\/2"}],"replies":[{"embeddable":true,"href":"https:\/\/www.portalalerta.com.br\/index.php\/wp-json\/wp\/v2\/comments?post=39291"}],"version-history":[{"count":1,"href":"https:\/\/www.portalalerta.com.br\/index.php\/wp-json\/wp\/v2\/posts\/39291\/revisions"}],"predecessor-version":[{"id":39303,"href":"https:\/\/www.portalalerta.com.br\/index.php\/wp-json\/wp\/v2\/posts\/39291\/revisions\/39303"}],"wp:featuredmedia":[{"embeddable":true,"href":"https:\/\/www.portalalerta.com.br\/index.php\/wp-json\/wp\/v2\/media\/39302"}],"wp:attachment":[{"href":"https:\/\/www.portalalerta.com.br\/index.php\/wp-json\/wp\/v2\/media?parent=39291"}],"wp:term":[{"taxonomy":"category","embeddable":true,"href":"https:\/\/www.portalalerta.com.br\/index.php\/wp-json\/wp\/v2\/categories?post=39291"},{"taxonomy":"post_tag","embeddable":true,"href":"https:\/\/www.portalalerta.com.br\/index.php\/wp-json\/wp\/v2\/tags?post=39291"}],"curies":[{"name":"wp","href":"https:\/\/api.w.org\/{rel}","templated":true}]}}