{"id":39295,"date":"2021-11-15T21:16:59","date_gmt":"2021-11-16T00:16:59","guid":{"rendered":"https:\/\/www.portalalerta.com.br\/?p=39295"},"modified":"2021-11-15T21:17:00","modified_gmt":"2021-11-16T00:17:00","slug":"lula-despista-mas-nao-descarta-alckmin-como-vice-nada-entre-nos-que-nao-possa-ser-reconciliado","status":"publish","type":"post","link":"https:\/\/www.portalalerta.com.br\/index.php\/2021\/11\/15\/lula-despista-mas-nao-descarta-alckmin-como-vice-nada-entre-nos-que-nao-possa-ser-reconciliado\/","title":{"rendered":"Lula despista, mas n\u00e3o descarta Alckmin como vice: &#8220;Nada entre n\u00f3s que n\u00e3o possa ser reconciliado&#8221;"},"content":{"rendered":"\n<p>O\u00a0ex-presidente Lula (PT)\u00a0est\u00e1 em viagem para a Europa e, nesta segunda-feira (15), discursou no Parlamento Europeu, em Bruxelas, durante um evento chamado \u201cEncontro de Alto N\u00edvel da Am\u00e9rica Latina\u201d, promovido pelo bloco social democrata do parlamento.<\/p>\n\n\n\n<!--more-->\n\n\n\n<p>Ao responder perguntas de jornalistas, Lula comentou a rela\u00e7\u00e3o com Geraldo Alckmin (PSDB), especulado para ser vice na chapa do petista em 2022. Lula n\u00e3o garantiu que ser\u00e1 candidato \u00e0 presid\u00eancia, mas falou que o PT certamente disputar\u00e1 o cargo.<\/p>\n\n\n\n<div class=\"wp-block-image\"><figure class=\"alignleft size-large is-resized\"><img fetchpriority=\"high\" decoding=\"async\" src=\"https:\/\/www.portalalerta.com.br\/wp-content\/uploads\/2021\/10\/Cred-Real-1024x1024.jpeg\" alt=\"\" class=\"wp-image-38729\" width=\"332\" height=\"332\" srcset=\"https:\/\/www.portalalerta.com.br\/wp-content\/uploads\/2021\/10\/Cred-Real-1024x1024.jpeg 1024w, https:\/\/www.portalalerta.com.br\/wp-content\/uploads\/2021\/10\/Cred-Real-240x240.jpeg 240w, https:\/\/www.portalalerta.com.br\/wp-content\/uploads\/2021\/10\/Cred-Real-768x768.jpeg 768w, https:\/\/www.portalalerta.com.br\/wp-content\/uploads\/2021\/10\/Cred-Real-1536x1536.jpeg 1536w, https:\/\/www.portalalerta.com.br\/wp-content\/uploads\/2021\/10\/Cred-Real-146x146.jpeg 146w, https:\/\/www.portalalerta.com.br\/wp-content\/uploads\/2021\/10\/Cred-Real-50x50.jpeg 50w, https:\/\/www.portalalerta.com.br\/wp-content\/uploads\/2021\/10\/Cred-Real-75x75.jpeg 75w, https:\/\/www.portalalerta.com.br\/wp-content\/uploads\/2021\/10\/Cred-Real-85x85.jpeg 85w, https:\/\/www.portalalerta.com.br\/wp-content\/uploads\/2021\/10\/Cred-Real-80x80.jpeg 80w, https:\/\/www.portalalerta.com.br\/wp-content\/uploads\/2021\/10\/Cred-Real.jpeg 1920w\" sizes=\"(max-width: 332px) 100vw, 332px\" \/><\/figure><\/div>\n\n\n\n<p>\u201cEu j\u00e1 tenho 22 vices, j\u00e1 tenho oito ministros da Economia, quando eu ainda nem decidi ser candidato. Veja, o vice \u00e9 pessoa que tem de ser levado muito \u00e0 s\u00e9rio na rela\u00e7\u00e3o com o presidente. Porque o vice pode ser presidente, pode acontecer muitas coisas. E depois, o vice tem de ser uma pessoa que soma com o presidente, n\u00e3o que diverge com o presidente\u201d, disse Lula ao comentar as especula\u00e7\u00f5es.<\/p>\n\n\n\n<p><strong><em>\u201cEu tenho uma extraordin\u00e1ria rela\u00e7\u00e3o de respeito com o Alckmin, eu fui presidente quando ele foi governador, n\u00f3s conversamos muito. N\u00e3o h\u00e1 nada que aconteceu entre eu e o Alckmin que n\u00e3o possa ser reconciliado. N\u00e3o h\u00e1. Pol\u00edtica, \u00e0s vezes, \u00e9 como jogo de futebol: voc\u00ea d\u00e1 uma botinada no cara, o cara cai chorando de dor, mas, depois que acaba o jogo, eles se encontram, se abra\u00e7am e v\u00e3o tomar uma cerveja e v\u00e3o discutir o pr\u00f3ximo jogo\u201d,<\/em><\/strong> declarou o petista.<\/p>\n\n\n\n<p>Segundo o ex-presidente, quando n\u00e3o h\u00e1 ofensas de cunho moral ou pessoal, tudo pode ser superado. \u201cEu disputei as elei\u00e7\u00f5es de 2006 com o Alckmin, mas eu quero lhe dizer que eu tenho um profundo respeito pelo Alckmin. Eu n\u00e3o tenho vice ainda, porque n\u00e3o discuti a minha candidatura. Quando eu decidi ser candidato, a\u00ed sim eu vou sair \u00e0 campo para procurar algu\u00e9m para ser vice.\u201d<\/p>\n\n\n\n<p>Lula tamb\u00e9m fez cr\u00edticas ao presidente Jair Bolsonaro (sem partido). Segundo o petista, Bolsonaro \u00e9 uma \u201cc\u00f3pia malfeita de Donald Trump\u201d. Lula lamentou o fim do Bolsa Fam\u00edlia, encerrado para ser substitu\u00eddo pelo Aux\u00edlio Brasil. Para o petista, o novo programa social tem tom eleitoreiro e foi criado para ajudar na campanha de Jair Bolsonaro em 2022.<\/p>\n\n\n\n<p><strong>Alckmin n\u00e3o nega possibilidade&nbsp;<\/strong><\/p>\n\n\n\n<p>Cotado como poss\u00edvel vice\u00a0na chapa do\u00a0ex-presidente Luiz In\u00e1cio Lula da Silva (PT)\u00a0\u00e0 Presid\u00eancia em 2022, o ex-governador de S\u00e3o Paulo Geraldo Alckmin afirmou na sexta-feira (12) que\u00a0fica \u201chonrado\u201d com a lembran\u00e7a de seu nome, mas disse que a decis\u00e3o sobre a candidatura n\u00e3o \u00e9 para agora.<\/p>\n\n\n\n<p><strong><em>\u201cJ\u00e1 disseram que vou ser candidato ao Senado, a governador, a vice-presidente. Vamos ouvir. Fico muito honrado da lembran\u00e7a do meu nome\u201d<\/em><\/strong>, disse ele, que est\u00e1 de sa\u00edda do PSDB.<\/p>\n\n\n\n<p>O ex-governador acrescentou que vai &#8220;amadurecer conversando&#8221; e negou que tenha diferen\u00e7as intranspon\u00edveis com Lula. Na avalia\u00e7\u00e3o dele, pol\u00edtica precisa ser feita com civilidade e com quem tem apre\u00e7o pela democracia. E elogiou essa qualidade no ex-presidente.<\/p>\n\n\n\n<p>Alckmin afirmou, no entanto, que a decis\u00e3o sobre a candidatura \u201cn\u00e3o \u00e9 para j\u00e1\u201d. Ele tamb\u00e9m \u00e9 pr\u00e9-candidato ao governo de S\u00e3o Paulo.<\/p>\n\n\n\n<p><em>Fonte: Metro1<\/em><\/p>\n","protected":false},"excerpt":{"rendered":"<p>O\u00a0ex-presidente Lula (PT)\u00a0est\u00e1 em viagem para a Europa e, nesta segunda-feira (15), discursou no Parlamento Europeu, em Bruxelas, durante um evento chamado \u201cEncontro de Alto N\u00edvel da Am\u00e9rica Latina\u201d, promovido pelo bloco social democrata do parlamento.<\/p>\n","protected":false},"author":2,"featured_media":39307,"comment_status":"open","ping_status":"open","sticky":false,"template":"","format":"standard","meta":{"om_disable_all_campaigns":false,"_monsterinsights_skip_tracking":false,"_monsterinsights_sitenote_active":false,"_monsterinsights_sitenote_note":"","_monsterinsights_sitenote_category":0,"footnotes":""},"categories":[34,70,69,21],"tags":[93,3181,898,303,199],"class_list":["post-39295","post","type-post","status-publish","format-standard","has-post-thumbnail","hentry","category-brasil","category-destaques","category-noticias2","category-politica","tag-brasil","tag-eleicoes-2022","tag-geraldo-alckimin","tag-lula","tag-politica"],"aioseo_notices":[],"_links":{"self":[{"href":"https:\/\/www.portalalerta.com.br\/index.php\/wp-json\/wp\/v2\/posts\/39295","targetHints":{"allow":["GET"]}}],"collection":[{"href":"https:\/\/www.portalalerta.com.br\/index.php\/wp-json\/wp\/v2\/posts"}],"about":[{"href":"https:\/\/www.portalalerta.com.br\/index.php\/wp-json\/wp\/v2\/types\/post"}],"author":[{"embeddable":true,"href":"https:\/\/www.portalalerta.com.br\/index.php\/wp-json\/wp\/v2\/users\/2"}],"replies":[{"embeddable":true,"href":"https:\/\/www.portalalerta.com.br\/index.php\/wp-json\/wp\/v2\/comments?post=39295"}],"version-history":[{"count":1,"href":"https:\/\/www.portalalerta.com.br\/index.php\/wp-json\/wp\/v2\/posts\/39295\/revisions"}],"predecessor-version":[{"id":39308,"href":"https:\/\/www.portalalerta.com.br\/index.php\/wp-json\/wp\/v2\/posts\/39295\/revisions\/39308"}],"wp:featuredmedia":[{"embeddable":true,"href":"https:\/\/www.portalalerta.com.br\/index.php\/wp-json\/wp\/v2\/media\/39307"}],"wp:attachment":[{"href":"https:\/\/www.portalalerta.com.br\/index.php\/wp-json\/wp\/v2\/media?parent=39295"}],"wp:term":[{"taxonomy":"category","embeddable":true,"href":"https:\/\/www.portalalerta.com.br\/index.php\/wp-json\/wp\/v2\/categories?post=39295"},{"taxonomy":"post_tag","embeddable":true,"href":"https:\/\/www.portalalerta.com.br\/index.php\/wp-json\/wp\/v2\/tags?post=39295"}],"curies":[{"name":"wp","href":"https:\/\/api.w.org\/{rel}","templated":true}]}}