{"id":39315,"date":"2021-11-16T13:01:00","date_gmt":"2021-11-16T16:01:00","guid":{"rendered":"https:\/\/www.portalalerta.com.br\/?p=39315"},"modified":"2021-11-15T23:40:46","modified_gmt":"2021-11-16T02:40:46","slug":"jovem-morre-em-acidente-com-moto-na-br-235-em-jeremoabo-ba","status":"publish","type":"post","link":"https:\/\/www.portalalerta.com.br\/index.php\/2021\/11\/16\/jovem-morre-em-acidente-com-moto-na-br-235-em-jeremoabo-ba\/","title":{"rendered":"Jovem morre em acidente com moto na BR-235 em Jeremoabo-BA"},"content":{"rendered":"\n<p>Na noite do \u00faltimo domingo (14) por volta de 23hs, o jovem conhecido como Thiago Gago, morreu ap\u00f3s sofrer um acidente de tr\u00e2nsito quando seguida pela BR 235, sentido Povoado Brancos\/ sede de Jeremoabo-BA, momento em que teria chocado o seu ve\u00edculo numa vaca.<\/p>\n\n\n\n<!--more-->\n\n\n\n<div class=\"wp-block-image\"><figure class=\"aligncenter size-large\"><img fetchpriority=\"high\" decoding=\"async\" width=\"720\" height=\"181\" src=\"https:\/\/www.portalalerta.com.br\/wp-content\/uploads\/2018\/02\/Auto-Escola-Nobre.jpg\" alt=\"\" class=\"wp-image-4869\" srcset=\"https:\/\/www.portalalerta.com.br\/wp-content\/uploads\/2018\/02\/Auto-Escola-Nobre.jpg 720w, https:\/\/www.portalalerta.com.br\/wp-content\/uploads\/2018\/02\/Auto-Escola-Nobre-260x65.jpg 260w, https:\/\/www.portalalerta.com.br\/wp-content\/uploads\/2018\/02\/Auto-Escola-Nobre-50x13.jpg 50w, https:\/\/www.portalalerta.com.br\/wp-content\/uploads\/2018\/02\/Auto-Escola-Nobre-150x38.jpg 150w\" sizes=\"(max-width: 720px) 100vw, 720px\" \/><\/figure><\/div>\n\n\n\n<p>De acordo com informa\u00e7\u00f5es, outro jovem que estava na garupa da moto, por\u00e9m se encontra fora de perigo.<\/p>\n\n\n\n<p>Thiago deixa esposa gr\u00e1vida e tinha uma filha pequena.<\/p>\n\n\n\n<p><em>Fonte: Jeremoabo.com.br<\/em><\/p>\n","protected":false},"excerpt":{"rendered":"<p>Na noite do \u00faltimo domingo (14) por volta de 23hs, o jovem conhecido como Thiago Gago, morreu ap\u00f3s sofrer um acidente de tr\u00e2nsito quando seguida pela BR 235, sentido Povoado Brancos\/ sede de Jeremoabo-BA, momento em que teria chocado o seu ve\u00edculo numa vaca.<\/p>\n","protected":false},"author":2,"featured_media":39325,"comment_status":"open","ping_status":"open","sticky":false,"template":"","format":"standard","meta":{"om_disable_all_campaigns":false,"_monsterinsights_skip_tracking":false,"_monsterinsights_sitenote_active":false,"_monsterinsights_sitenote_note":"","_monsterinsights_sitenote_category":0,"footnotes":""},"categories":[70,9,69,32],"tags":[166,1393,230],"class_list":["post-39315","post","type-post","status-publish","format-standard","has-post-thumbnail","hentry","category-destaques","category-jeremoabo","category-noticias2","category-regiao","tag-acidente","tag-br-235","tag-jeremoabo"],"aioseo_notices":[],"_links":{"self":[{"href":"https:\/\/www.portalalerta.com.br\/index.php\/wp-json\/wp\/v2\/posts\/39315","targetHints":{"allow":["GET"]}}],"collection":[{"href":"https:\/\/www.portalalerta.com.br\/index.php\/wp-json\/wp\/v2\/posts"}],"about":[{"href":"https:\/\/www.portalalerta.com.br\/index.php\/wp-json\/wp\/v2\/types\/post"}],"author":[{"embeddable":true,"href":"https:\/\/www.portalalerta.com.br\/index.php\/wp-json\/wp\/v2\/users\/2"}],"replies":[{"embeddable":true,"href":"https:\/\/www.portalalerta.com.br\/index.php\/wp-json\/wp\/v2\/comments?post=39315"}],"version-history":[{"count":1,"href":"https:\/\/www.portalalerta.com.br\/index.php\/wp-json\/wp\/v2\/posts\/39315\/revisions"}],"predecessor-version":[{"id":39326,"href":"https:\/\/www.portalalerta.com.br\/index.php\/wp-json\/wp\/v2\/posts\/39315\/revisions\/39326"}],"wp:featuredmedia":[{"embeddable":true,"href":"https:\/\/www.portalalerta.com.br\/index.php\/wp-json\/wp\/v2\/media\/39325"}],"wp:attachment":[{"href":"https:\/\/www.portalalerta.com.br\/index.php\/wp-json\/wp\/v2\/media?parent=39315"}],"wp:term":[{"taxonomy":"category","embeddable":true,"href":"https:\/\/www.portalalerta.com.br\/index.php\/wp-json\/wp\/v2\/categories?post=39315"},{"taxonomy":"post_tag","embeddable":true,"href":"https:\/\/www.portalalerta.com.br\/index.php\/wp-json\/wp\/v2\/tags?post=39315"}],"curies":[{"name":"wp","href":"https:\/\/api.w.org\/{rel}","templated":true}]}}