{"id":39316,"date":"2021-11-16T13:03:00","date_gmt":"2021-11-16T16:03:00","guid":{"rendered":"https:\/\/www.portalalerta.com.br\/?p=39316"},"modified":"2021-11-15T23:51:03","modified_gmt":"2021-11-16T02:51:03","slug":"homem-e-internado-apos-ser-agredido-por-assaltantes-em-banzae-ba-criminosos-levaram-o-veiculo-da-vitima","status":"publish","type":"post","link":"https:\/\/www.portalalerta.com.br\/index.php\/2021\/11\/16\/homem-e-internado-apos-ser-agredido-por-assaltantes-em-banzae-ba-criminosos-levaram-o-veiculo-da-vitima\/","title":{"rendered":"Homem \u00e9 internado ap\u00f3s ser agredido por assaltantes em Banza\u00ea-BA. Criminosos levaram o ve\u00edculo da v\u00edtima!"},"content":{"rendered":"\n<p>Um homem deu entrada na Emerg\u00eancia da Unidade de Sa\u00fade do munic\u00edpio de Banza\u00ea-BA, ap\u00f3s sofrer les\u00f5es na cabe\u00e7a, fruto de agress\u00f5es realizadas por criminosos.<\/p>\n\n\n\n<!--more-->\n\n\n\n<p>De acordo com informa\u00e7\u00f5es, a v\u00edtima teve a sua moto Honda Bros de cor preta, placa policial NYU 7296, roubada pelos autores das agress\u00f5es.<\/p>\n\n\n\n<p>De acordo com informa\u00e7\u00f5es preliminares, o caso j\u00e1 foi levado ao conhecimento das for\u00e7as policiais da cidade.<\/p>\n\n\n\n<p><em>Reda\u00e7\u00e3o: Portal Alerta<\/em><\/p>\n","protected":false},"excerpt":{"rendered":"<p>Um homem deu entrada na Emerg\u00eancia da Unidade de Sa\u00fade do munic\u00edpio de Banza\u00ea-BA, ap\u00f3s sofrer les\u00f5es na cabe\u00e7a, fruto de agress\u00f5es realizadas por criminosos.<\/p>\n","protected":false},"author":2,"featured_media":3070,"comment_status":"open","ping_status":"open","sticky":false,"template":"","format":"standard","meta":{"om_disable_all_campaigns":false,"_monsterinsights_skip_tracking":false,"_monsterinsights_sitenote_active":false,"_monsterinsights_sitenote_note":"","_monsterinsights_sitenote_category":0,"footnotes":""},"categories":[39,70,69,32,22],"tags":[73,4179,101,397],"class_list":["post-39316","post","type-post","status-publish","format-standard","has-post-thumbnail","hentry","category-banzae","category-destaques","category-noticias2","category-regiao","category-seguranca","tag-agressao","tag-banzae-2","tag-roubo-de-moto","tag-seguranca"],"aioseo_notices":[],"_links":{"self":[{"href":"https:\/\/www.portalalerta.com.br\/index.php\/wp-json\/wp\/v2\/posts\/39316","targetHints":{"allow":["GET"]}}],"collection":[{"href":"https:\/\/www.portalalerta.com.br\/index.php\/wp-json\/wp\/v2\/posts"}],"about":[{"href":"https:\/\/www.portalalerta.com.br\/index.php\/wp-json\/wp\/v2\/types\/post"}],"author":[{"embeddable":true,"href":"https:\/\/www.portalalerta.com.br\/index.php\/wp-json\/wp\/v2\/users\/2"}],"replies":[{"embeddable":true,"href":"https:\/\/www.portalalerta.com.br\/index.php\/wp-json\/wp\/v2\/comments?post=39316"}],"version-history":[{"count":1,"href":"https:\/\/www.portalalerta.com.br\/index.php\/wp-json\/wp\/v2\/posts\/39316\/revisions"}],"predecessor-version":[{"id":39328,"href":"https:\/\/www.portalalerta.com.br\/index.php\/wp-json\/wp\/v2\/posts\/39316\/revisions\/39328"}],"wp:featuredmedia":[{"embeddable":true,"href":"https:\/\/www.portalalerta.com.br\/index.php\/wp-json\/wp\/v2\/media\/3070"}],"wp:attachment":[{"href":"https:\/\/www.portalalerta.com.br\/index.php\/wp-json\/wp\/v2\/media?parent=39316"}],"wp:term":[{"taxonomy":"category","embeddable":true,"href":"https:\/\/www.portalalerta.com.br\/index.php\/wp-json\/wp\/v2\/categories?post=39316"},{"taxonomy":"post_tag","embeddable":true,"href":"https:\/\/www.portalalerta.com.br\/index.php\/wp-json\/wp\/v2\/tags?post=39316"}],"curies":[{"name":"wp","href":"https:\/\/api.w.org\/{rel}","templated":true}]}}