{"id":39329,"date":"2021-11-16T19:00:00","date_gmt":"2021-11-16T22:00:00","guid":{"rendered":"https:\/\/www.portalalerta.com.br\/?p=39329"},"modified":"2021-11-16T16:32:04","modified_gmt":"2021-11-16T19:32:04","slug":"para-cuidar-de-emendas-na-camara-roma-e-exonerado-do-ministerio-da-cidadania","status":"publish","type":"post","link":"https:\/\/www.portalalerta.com.br\/index.php\/2021\/11\/16\/para-cuidar-de-emendas-na-camara-roma-e-exonerado-do-ministerio-da-cidadania\/","title":{"rendered":"Para cuidar de emendas na C\u00e2mara, Roma \u00e9 exonerado do Minist\u00e9rio da Cidadania"},"content":{"rendered":"\n<p>Deputado federal licenciado, ele deve reassumir o comando da pasta j\u00e1 nesta sexta-feira (19)<\/p>\n\n\n\n<!--more-->\n\n\n\n<div class=\"wp-block-image\"><figure class=\"alignleft size-large is-resized\"><img fetchpriority=\"high\" decoding=\"async\" src=\"https:\/\/www.portalalerta.com.br\/wp-content\/uploads\/2021\/04\/ELAB.jpg\" alt=\"\" class=\"wp-image-34795\" width=\"284\" height=\"227\" srcset=\"https:\/\/www.portalalerta.com.br\/wp-content\/uploads\/2021\/04\/ELAB.jpg 1000w, https:\/\/www.portalalerta.com.br\/wp-content\/uploads\/2021\/04\/ELAB-300x240.jpg 300w, https:\/\/www.portalalerta.com.br\/wp-content\/uploads\/2021\/04\/ELAB-768x614.jpg 768w, https:\/\/www.portalalerta.com.br\/wp-content\/uploads\/2021\/04\/ELAB-183x146.jpg 183w, https:\/\/www.portalalerta.com.br\/wp-content\/uploads\/2021\/04\/ELAB-50x40.jpg 50w, https:\/\/www.portalalerta.com.br\/wp-content\/uploads\/2021\/04\/ELAB-94x75.jpg 94w\" sizes=\"(max-width: 284px) 100vw, 284px\" \/><\/figure><\/div>\n\n\n\n<p>O ministro da Cidadania, Jo\u00e3o Roma, foi exonerado temporariamente&nbsp;da&nbsp;pasta. A informa\u00e7\u00e3o&nbsp;consta do Di\u00e1rio Oficial desta&nbsp;ter\u00e7a-feira (16), segundo o&nbsp;colunista Lauro Jardim, do jornal O Globo.<\/p>\n\n\n\n<p>De acordo com a publica\u00e7\u00e3o, est\u00e1 previsto que Roma reassuma o cargo j\u00e1&nbsp;na sexta-feira (19).<\/p>\n\n\n\n<p>Assim como aconteceu na semana passada com Onyx Lorenzoni, Roma, que&nbsp;\u00e9 deputado federal licenciado pelo Republicamos, deve cuidar das suas emendas parlamentares na C\u00e2mara.<\/p>\n\n\n\n<p><em>Fonte: Metro1<\/em><\/p>\n","protected":false},"excerpt":{"rendered":"<p>Deputado federal licenciado, ele deve reassumir o comando da pasta j\u00e1 nesta sexta-feira (19)<\/p>\n","protected":false},"author":2,"featured_media":38752,"comment_status":"open","ping_status":"open","sticky":false,"template":"","format":"standard","meta":{"om_disable_all_campaigns":false,"_monsterinsights_skip_tracking":false,"_monsterinsights_sitenote_active":false,"_monsterinsights_sitenote_note":"","_monsterinsights_sitenote_category":0,"footnotes":""},"categories":[34,70,69,21],"tags":[93,5081,517,4241],"class_list":["post-39329","post","type-post","status-publish","format-standard","has-post-thumbnail","hentry","category-brasil","category-destaques","category-noticias2","category-politica","tag-brasil","tag-emendas","tag-exoneracao","tag-joao-roma"],"aioseo_notices":[],"_links":{"self":[{"href":"https:\/\/www.portalalerta.com.br\/index.php\/wp-json\/wp\/v2\/posts\/39329","targetHints":{"allow":["GET"]}}],"collection":[{"href":"https:\/\/www.portalalerta.com.br\/index.php\/wp-json\/wp\/v2\/posts"}],"about":[{"href":"https:\/\/www.portalalerta.com.br\/index.php\/wp-json\/wp\/v2\/types\/post"}],"author":[{"embeddable":true,"href":"https:\/\/www.portalalerta.com.br\/index.php\/wp-json\/wp\/v2\/users\/2"}],"replies":[{"embeddable":true,"href":"https:\/\/www.portalalerta.com.br\/index.php\/wp-json\/wp\/v2\/comments?post=39329"}],"version-history":[{"count":1,"href":"https:\/\/www.portalalerta.com.br\/index.php\/wp-json\/wp\/v2\/posts\/39329\/revisions"}],"predecessor-version":[{"id":39333,"href":"https:\/\/www.portalalerta.com.br\/index.php\/wp-json\/wp\/v2\/posts\/39329\/revisions\/39333"}],"wp:featuredmedia":[{"embeddable":true,"href":"https:\/\/www.portalalerta.com.br\/index.php\/wp-json\/wp\/v2\/media\/38752"}],"wp:attachment":[{"href":"https:\/\/www.portalalerta.com.br\/index.php\/wp-json\/wp\/v2\/media?parent=39329"}],"wp:term":[{"taxonomy":"category","embeddable":true,"href":"https:\/\/www.portalalerta.com.br\/index.php\/wp-json\/wp\/v2\/categories?post=39329"},{"taxonomy":"post_tag","embeddable":true,"href":"https:\/\/www.portalalerta.com.br\/index.php\/wp-json\/wp\/v2\/tags?post=39329"}],"curies":[{"name":"wp","href":"https:\/\/api.w.org\/{rel}","templated":true}]}}