{"id":39331,"date":"2021-11-16T19:03:00","date_gmt":"2021-11-16T22:03:00","guid":{"rendered":"https:\/\/www.portalalerta.com.br\/?p=39331"},"modified":"2021-11-16T16:57:37","modified_gmt":"2021-11-16T19:57:37","slug":"policia-recupera-veiculo-roubado-em-cicero-dantas-ba-vitima-ainda-nao-havia-registrado-o-crime-na-delegacia","status":"publish","type":"post","link":"https:\/\/www.portalalerta.com.br\/index.php\/2021\/11\/16\/policia-recupera-veiculo-roubado-em-cicero-dantas-ba-vitima-ainda-nao-havia-registrado-o-crime-na-delegacia\/","title":{"rendered":"Pol\u00edcia recupera ve\u00edculo roubado em C\u00edcero Dantas-BA. V\u00edtima ainda n\u00e3o havia registrado o crime na Delegacia!"},"content":{"rendered":"\n<p>Na madrugada da segunda-feira (15), policiais militares do 3\u00ba Pelot\u00e3o\/ C\u00edcero Dantas-BA receberam uma den\u00fancia, de que duas pessoas estariam transitando pela Av ACM, centro da cidade, a bordo de uma motocicleta Honda Pop de cor branca, demais dados n\u00e3o informados, que tinha sido roubada no mesmo munic\u00edpio, na noite anterior.<\/p>\n\n\n\n<!--more-->\n\n\n\n<div class=\"wp-block-image\"><figure class=\"alignleft size-large\"><img fetchpriority=\"high\" decoding=\"async\" width=\"299\" height=\"300\" src=\"https:\/\/www.portalalerta.com.br\/wp-content\/uploads\/2021\/07\/A-Voz-do-Sertao.1.jpg\" alt=\"\" class=\"wp-image-36575\" srcset=\"https:\/\/www.portalalerta.com.br\/wp-content\/uploads\/2021\/07\/A-Voz-do-Sertao.1.jpg 299w, https:\/\/www.portalalerta.com.br\/wp-content\/uploads\/2021\/07\/A-Voz-do-Sertao.1-239x240.jpg 239w, https:\/\/www.portalalerta.com.br\/wp-content\/uploads\/2021\/07\/A-Voz-do-Sertao.1-146x146.jpg 146w, https:\/\/www.portalalerta.com.br\/wp-content\/uploads\/2021\/07\/A-Voz-do-Sertao.1-50x50.jpg 50w, https:\/\/www.portalalerta.com.br\/wp-content\/uploads\/2021\/07\/A-Voz-do-Sertao.1-75x75.jpg 75w, https:\/\/www.portalalerta.com.br\/wp-content\/uploads\/2021\/07\/A-Voz-do-Sertao.1-85x85.jpg 85w, https:\/\/www.portalalerta.com.br\/wp-content\/uploads\/2021\/07\/A-Voz-do-Sertao.1-80x80.jpg 80w\" sizes=\"(max-width: 299px) 100vw, 299px\" \/><\/figure><\/div>\n\n\n\n<p>Os militares foram at\u00e9 o local, onde identificaram os suspeitos, decidindo, portanto, abord\u00e1-los. Ao serem indagados a respeito da documenta\u00e7\u00e3o pessoal, bem como do ve\u00edculo, os suspeitos afirmaram n\u00e3o possuir em m\u00e3os, ao tempo em que afirmou que o ve\u00edculo tinha sido emprestado por um primo de um deles.<\/p>\n\n\n\n<p>Foi mantido contato com a v\u00edtima do crime em tela, e ap\u00f3s comparativo da numera\u00e7\u00e3o do chassi descrita na Nota Fiscal, e que estava impresso no ve\u00edculo, chegou a conclus\u00e3o que se tratava da motocicleta furtada. A v\u00edtima relatou ainda, que n\u00e3o tinha registrado a ocorr\u00eancia na Delegacia, por falta de tempo h\u00e1bil.<\/p>\n\n\n\n<p>Diante do flagrante, a dupla, bem como o ve\u00edculo, foi conduzida para a Delegacia de Pol\u00edcia Civil da cidade, para a ado\u00e7\u00e3o das medidas cab\u00edveis.<\/p>\n\n\n\n<p><em>Reda\u00e7\u00e3o: Portal Alerta<\/em><\/p>\n","protected":false},"excerpt":{"rendered":"<p>Na madrugada da segunda-feira (15), policiais militares do 3\u00ba Pelot\u00e3o\/ C\u00edcero Dantas-BA receberam uma den\u00fancia, de que duas pessoas estariam transitando pela Av ACM, centro da cidade, a bordo de uma motocicleta Honda Pop de cor branca, demais dados n\u00e3o informados, que tinha sido roubada no mesmo munic\u00edpio, na noite anterior.<\/p>\n","protected":false},"author":2,"featured_media":39337,"comment_status":"open","ping_status":"open","sticky":false,"template":"","format":"standard","meta":{"om_disable_all_campaigns":false,"_monsterinsights_skip_tracking":false,"_monsterinsights_sitenote_active":false,"_monsterinsights_sitenote_note":"","_monsterinsights_sitenote_category":0,"footnotes":""},"categories":[4,70,69,32,22],"tags":[75,1531,79,102],"class_list":["post-39331","post","type-post","status-publish","format-standard","has-post-thumbnail","hentry","category-cicero-dantas","category-destaques","category-noticias2","category-regiao","category-seguranca","tag-cicero-dantas","tag-furto-de-moto","tag-policia-militar","tag-veiculo-recuperado"],"aioseo_notices":[],"_links":{"self":[{"href":"https:\/\/www.portalalerta.com.br\/index.php\/wp-json\/wp\/v2\/posts\/39331","targetHints":{"allow":["GET"]}}],"collection":[{"href":"https:\/\/www.portalalerta.com.br\/index.php\/wp-json\/wp\/v2\/posts"}],"about":[{"href":"https:\/\/www.portalalerta.com.br\/index.php\/wp-json\/wp\/v2\/types\/post"}],"author":[{"embeddable":true,"href":"https:\/\/www.portalalerta.com.br\/index.php\/wp-json\/wp\/v2\/users\/2"}],"replies":[{"embeddable":true,"href":"https:\/\/www.portalalerta.com.br\/index.php\/wp-json\/wp\/v2\/comments?post=39331"}],"version-history":[{"count":1,"href":"https:\/\/www.portalalerta.com.br\/index.php\/wp-json\/wp\/v2\/posts\/39331\/revisions"}],"predecessor-version":[{"id":39338,"href":"https:\/\/www.portalalerta.com.br\/index.php\/wp-json\/wp\/v2\/posts\/39331\/revisions\/39338"}],"wp:featuredmedia":[{"embeddable":true,"href":"https:\/\/www.portalalerta.com.br\/index.php\/wp-json\/wp\/v2\/media\/39337"}],"wp:attachment":[{"href":"https:\/\/www.portalalerta.com.br\/index.php\/wp-json\/wp\/v2\/media?parent=39331"}],"wp:term":[{"taxonomy":"category","embeddable":true,"href":"https:\/\/www.portalalerta.com.br\/index.php\/wp-json\/wp\/v2\/categories?post=39331"},{"taxonomy":"post_tag","embeddable":true,"href":"https:\/\/www.portalalerta.com.br\/index.php\/wp-json\/wp\/v2\/tags?post=39331"}],"curies":[{"name":"wp","href":"https:\/\/api.w.org\/{rel}","templated":true}]}}