{"id":39332,"date":"2021-11-16T19:02:00","date_gmt":"2021-11-16T22:02:00","guid":{"rendered":"https:\/\/www.portalalerta.com.br\/?p=39332"},"modified":"2021-11-16T16:46:48","modified_gmt":"2021-11-16T19:46:48","slug":"auxilio-brasil-beneficiario-pode-consultar-parcelas-por-app-da-caixa","status":"publish","type":"post","link":"https:\/\/www.portalalerta.com.br\/index.php\/2021\/11\/16\/auxilio-brasil-beneficiario-pode-consultar-parcelas-por-app-da-caixa\/","title":{"rendered":"Aux\u00edlio Brasil: benefici\u00e1rio pode consultar parcelas por app da Caixa"},"content":{"rendered":"\n<p><strong>Programa que substitui o Bolsa Fam\u00edlia come\u00e7a a ser pago nesta quarta; Caixa divulgou calend\u00e1rio para novembro e dezembro<\/strong><\/p>\n\n\n\n<!--more-->\n\n\n\n<p>Os benefici\u00e1rios do\u00a0Aux\u00edlio Brasil\u00a0poder\u00e3o consultar informa\u00e7\u00f5es sobre o programa pelo aplicativo &#8220;Caixa Tem&#8221;, da\u00a0Caixa Econ\u00f4mica Federal, ou pelo app do pr\u00f3prio Aux\u00edlio Brasil. O an\u00fancio foi feito pelo presidente da institui\u00e7\u00e3o, Pedro Guimar\u00e3es, na manh\u00e3 desta ter\u00e7a-feira (16), um dia antes do in\u00edcio do pagamento do benef\u00edcio que substitui o\u00a0Bolsa Fam\u00edlia.\u00a0<\/p>\n\n\n\n<p>\u201cTodos os benefici\u00e1rios do Aux\u00edlio Brasil podem, pelo\u00a0Caixa Tem, consultar o benef\u00edcio, as parcelas. Isso \u00e9 uma novidade. N\u00f3s n\u00e3o t\u00ednhamos antes para o\u00a0Aux\u00edlio Emergencial\u201d, afirmou o presidente da Caixa.<\/p>\n\n\n\n<div class=\"wp-block-image\"><figure class=\"alignleft size-large is-resized\"><img fetchpriority=\"high\" decoding=\"async\" src=\"https:\/\/www.portalalerta.com.br\/wp-content\/uploads\/2021\/10\/Cred-Real-1024x1024.jpeg\" alt=\"\" class=\"wp-image-38729\" width=\"268\" height=\"268\" srcset=\"https:\/\/www.portalalerta.com.br\/wp-content\/uploads\/2021\/10\/Cred-Real-1024x1024.jpeg 1024w, https:\/\/www.portalalerta.com.br\/wp-content\/uploads\/2021\/10\/Cred-Real-240x240.jpeg 240w, https:\/\/www.portalalerta.com.br\/wp-content\/uploads\/2021\/10\/Cred-Real-768x768.jpeg 768w, https:\/\/www.portalalerta.com.br\/wp-content\/uploads\/2021\/10\/Cred-Real-1536x1536.jpeg 1536w, https:\/\/www.portalalerta.com.br\/wp-content\/uploads\/2021\/10\/Cred-Real-146x146.jpeg 146w, https:\/\/www.portalalerta.com.br\/wp-content\/uploads\/2021\/10\/Cred-Real-50x50.jpeg 50w, https:\/\/www.portalalerta.com.br\/wp-content\/uploads\/2021\/10\/Cred-Real-75x75.jpeg 75w, https:\/\/www.portalalerta.com.br\/wp-content\/uploads\/2021\/10\/Cred-Real-85x85.jpeg 85w, https:\/\/www.portalalerta.com.br\/wp-content\/uploads\/2021\/10\/Cred-Real-80x80.jpeg 80w, https:\/\/www.portalalerta.com.br\/wp-content\/uploads\/2021\/10\/Cred-Real.jpeg 1920w\" sizes=\"(max-width: 268px) 100vw, 268px\" \/><\/figure><\/div>\n\n\n\n<p>Segundo Guimar\u00e3es, o modelo mant\u00e9m outras quatro fun\u00e7\u00f5es do aux\u00edlio concedido como forma de minimizar os efeitos da pandemia pela\u00a0Covid-19.\u00a0Os benefici\u00e1rios podem fazer pagamentos de boletos e contas de concession\u00e1rias, transfer\u00eancia de valores, compras com cart\u00e3o de d\u00e9bito virtual ou com QR Code e o saque da conta sem o uso de cart\u00e3o.<\/p>\n\n\n\n<p>A Caixa tamb\u00e9m divulgou o\u00a0cronograma de pagamento. Os recursos ser\u00e3o disponibilizados sempre durante os dez \u00faltimos dias \u00fateis de cada m\u00eas, sempre de acordo com o n\u00famero do NIS (N\u00famero de Identifica\u00e7\u00e3o Social). Os primeiros a receberem o aux\u00edlio ser\u00e3o aqueles que possuem o NIS com final 1. O calend\u00e1rio neste m\u00eas ser\u00e1 conclu\u00eddo no dia 30. Em dezembro, o benef\u00edcio ser\u00e1 pago entre os dias 10 e 23.<\/p>\n\n\n\n<p>Quem j\u00e1 estava inscrito no Bolsa Fam\u00edlia n\u00e3o precisa fazer um novo cadastro para receber o Aux\u00edlio Brasil. Segundo Guimar\u00e3es, a migra\u00e7\u00e3o ocorre de forma autom\u00e1tica, com uma reavalia\u00e7\u00e3o sobre os crit\u00e9rios de cada benefici\u00e1rio feita mensalmente pelo Minist\u00e9rio da Cidadania e pela Dataprev. O governo havia divulgado que 14,6 milh\u00f5es de fam\u00edlias passariam pela transi\u00e7\u00e3o dos programas, sem a necessidade de recadastramento.<\/p>\n\n\n\n<p>Nesta primeira etapa, o valor m\u00e9dio do aux\u00edlio ser\u00e1 de R$ 218. A expectativa do governo \u00e9 que esse valor suba para os R$ 400 prometidos no lan\u00e7amento do programa. Para isso, o Planalto depende da aprova\u00e7\u00e3o da PEC dos Precat\u00f3rios, em dois turnos, no Senado.\u00a0A proposta, que foi aprovada na C\u00e2mara, permite ao governo ampliar em R$ 91,6 bilh\u00f5es o espa\u00e7o para gastar no Or\u00e7amento de 2022, ano eleitoral. A justificativa \u00e9 que o projeto \u00e9 necess\u00e1rio para viabilizar a execu\u00e7\u00e3o do Aux\u00edlio Brasil.<\/p>\n\n\n\n<p>Para elevar o valor do benef\u00edcio, o governo precisa conseguir que a PEC seja aprovada ainda neste ano. Um dispositivo da\u00a0lei eleitoral impede aumento\u00a0da transfer\u00eancia de renda no decorrer de ano de elei\u00e7\u00e3o. O mecanismo visa justamente prevenir o uso da m\u00e1quina p\u00fablica para beneficiar o candidato que busca a reelei\u00e7\u00e3o, levando ao desequil\u00edbrio na disputa.<\/p>\n\n\n\n<p><strong>O programa<\/strong><\/p>\n\n\n\n<p>Podem receber o Aux\u00edlio Brasil as fam\u00edlias em situa\u00e7\u00e3o de extrema pobreza (renda per capita de at\u00e9 R$ 100). As fam\u00edlias em situa\u00e7\u00e3o de pobreza (renda per capita at\u00e9 R$ 200) ter\u00e3o direito ao pagamento se houver em sua composi\u00e7\u00e3o gestantes ou pessoas com idade at\u00e9 21 anos incompletos.<\/p>\n\n\n\n<p>Na semana passada, o presidente da Rep\u00fablica, Jair Bolsonaro, sancionou duas\u00a0leis para viabilizar\u00a0a execu\u00e7\u00e3o do programa. Uma delas abre um cr\u00e9dito de R$ 9,36 bilh\u00f5es ao Or\u00e7amento da Seguridade Social da Uni\u00e3o e a outra altera o Plano Plurianual (PPA) 2020-2023 incluindo o benef\u00edcio.<\/p>\n\n\n\n<p>A cria\u00e7\u00e3o do cr\u00e9dito especial, em favor do Minist\u00e9rio da Cidadania, permite o remanejamento do saldo do Bolsa Fam\u00edlia para o Aux\u00edlio Brasil. A medida evita a esteriliza\u00e7\u00e3o dos recursos or\u00e7ament\u00e1rios do programa de transfer\u00eancia de renda.<\/p>\n\n\n\n<p><em>Fonte: R7<\/em><\/p>\n","protected":false},"excerpt":{"rendered":"<p>Programa que substitui o Bolsa Fam\u00edlia come\u00e7a a ser pago nesta quarta; Caixa divulgou calend\u00e1rio para novembro e dezembro<\/p>\n","protected":false},"author":2,"featured_media":38846,"comment_status":"open","ping_status":"open","sticky":false,"template":"","format":"standard","meta":{"om_disable_all_campaigns":false,"_monsterinsights_skip_tracking":false,"_monsterinsights_sitenote_active":false,"_monsterinsights_sitenote_note":"","_monsterinsights_sitenote_category":0,"footnotes":""},"categories":[34,70,69,21],"tags":[4761,93],"class_list":["post-39332","post","type-post","status-publish","format-standard","has-post-thumbnail","hentry","category-brasil","category-destaques","category-noticias2","category-politica","tag-auxilio-brasil","tag-brasil"],"aioseo_notices":[],"_links":{"self":[{"href":"https:\/\/www.portalalerta.com.br\/index.php\/wp-json\/wp\/v2\/posts\/39332","targetHints":{"allow":["GET"]}}],"collection":[{"href":"https:\/\/www.portalalerta.com.br\/index.php\/wp-json\/wp\/v2\/posts"}],"about":[{"href":"https:\/\/www.portalalerta.com.br\/index.php\/wp-json\/wp\/v2\/types\/post"}],"author":[{"embeddable":true,"href":"https:\/\/www.portalalerta.com.br\/index.php\/wp-json\/wp\/v2\/users\/2"}],"replies":[{"embeddable":true,"href":"https:\/\/www.portalalerta.com.br\/index.php\/wp-json\/wp\/v2\/comments?post=39332"}],"version-history":[{"count":1,"href":"https:\/\/www.portalalerta.com.br\/index.php\/wp-json\/wp\/v2\/posts\/39332\/revisions"}],"predecessor-version":[{"id":39336,"href":"https:\/\/www.portalalerta.com.br\/index.php\/wp-json\/wp\/v2\/posts\/39332\/revisions\/39336"}],"wp:featuredmedia":[{"embeddable":true,"href":"https:\/\/www.portalalerta.com.br\/index.php\/wp-json\/wp\/v2\/media\/38846"}],"wp:attachment":[{"href":"https:\/\/www.portalalerta.com.br\/index.php\/wp-json\/wp\/v2\/media?parent=39332"}],"wp:term":[{"taxonomy":"category","embeddable":true,"href":"https:\/\/www.portalalerta.com.br\/index.php\/wp-json\/wp\/v2\/categories?post=39332"},{"taxonomy":"post_tag","embeddable":true,"href":"https:\/\/www.portalalerta.com.br\/index.php\/wp-json\/wp\/v2\/tags?post=39332"}],"curies":[{"name":"wp","href":"https:\/\/api.w.org\/{rel}","templated":true}]}}