{"id":39339,"date":"2021-11-17T08:00:00","date_gmt":"2021-11-17T11:00:00","guid":{"rendered":"https:\/\/www.portalalerta.com.br\/?p=39339"},"modified":"2021-11-17T00:36:21","modified_gmt":"2021-11-17T03:36:21","slug":"mercado-contraria-guedes-e-projeta-economia-abaixo-de-1-para-2022","status":"publish","type":"post","link":"https:\/\/www.portalalerta.com.br\/index.php\/2021\/11\/17\/mercado-contraria-guedes-e-projeta-economia-abaixo-de-1-para-2022\/","title":{"rendered":"Mercado contraria Guedes e projeta economia abaixo de 1% para 2022"},"content":{"rendered":"\n<p><strong>Economistas de principais bancos do Brasil preveem PIB em 0,93% no ano que vem; ministro j\u00e1 disse que estimativas s\u00e3o &#8216;conversinha&#8217;<\/strong><\/p>\n\n\n\n<!--more-->\n\n\n\n<p>O\u00a0mercado financeiro\u00a0diminuiu pela sexta semana consecutiva a previs\u00e3o de crescimento do PIB (Produto Interno Bruto) para 2022. Agora, os economistas das principais institui\u00e7\u00f5es financeiras do pa\u00eds projetam, pela primeira vez, que as riquezas brasileiras v\u00e3o crescer abaixo de 1% no ano que vem.<\/p>\n\n\n\n<div class=\"wp-block-image\"><figure class=\"alignleft size-large is-resized\"><img fetchpriority=\"high\" decoding=\"async\" src=\"https:\/\/www.portalalerta.com.br\/wp-content\/uploads\/2021\/04\/ELAB.jpg\" alt=\"\" class=\"wp-image-34795\" width=\"320\" height=\"256\" srcset=\"https:\/\/www.portalalerta.com.br\/wp-content\/uploads\/2021\/04\/ELAB.jpg 1000w, https:\/\/www.portalalerta.com.br\/wp-content\/uploads\/2021\/04\/ELAB-300x240.jpg 300w, https:\/\/www.portalalerta.com.br\/wp-content\/uploads\/2021\/04\/ELAB-768x614.jpg 768w, https:\/\/www.portalalerta.com.br\/wp-content\/uploads\/2021\/04\/ELAB-183x146.jpg 183w, https:\/\/www.portalalerta.com.br\/wp-content\/uploads\/2021\/04\/ELAB-50x40.jpg 50w, https:\/\/www.portalalerta.com.br\/wp-content\/uploads\/2021\/04\/ELAB-94x75.jpg 94w\" sizes=\"(max-width: 320px) 100vw, 320px\" \/><\/figure><\/div>\n\n\n\n<p>Conforme o Boletim Focus do BC (Banco Central), divulgado nesta ter\u00e7a-feira (16), a previs\u00e3o para as riquezas \u00e9 de crescimento de 0,93% em 2022, o que vai na contram\u00e3o das \u00faltimas declara\u00e7\u00f5es do ministro da Economia,\u00a0Paulo Guedes. No fim de outubro, Guedes disse que o baixo crescimento da economia no ano que vem n\u00e3o passava de boato.<\/p>\n\n\n\n<p><strong><em>\u201cA conversinha \u00e9 sempre essa. Primeiro que [a economia] ia cair, ia ficar l\u00e1 embaixo, n\u00e3o ia voltar. A\u00ed volta em V. O crescimento j\u00e1 est\u00e1 em 5%, ou 5,3%, 5,4% neste ano. A\u00ed j\u00e1 est\u00e3o dizendo que no ano que vem n\u00e3o vai crescer. Vai crescer de novo, cada um vai fazer o seu trabalho\u201d<\/em><\/strong>, afirmou o ministro no fim de outubro em um evento no Pal\u00e1cio do Planalto.<\/p>\n\n\n\n<p>Ontem, durante agenda em Dubai, nos Emirados \u00c1rabes Unidos,\u00a0Guedes contrariou o que mostram os n\u00fameros. O ministro disse que o Brasil cresce 5,5% em 2021, acima da m\u00e9dia mundial, mas, de acordo com o \u00faltimo relat\u00f3rio do FMI (Fundo Monet\u00e1rio Internacional), a m\u00e9dia mundial de crescimento em 2021 deve ser de 5,9% \u2014 acima, portanto, do crescimento brasileiro.<\/p>\n\n\n\n<p><strong><em>&#8220;J\u00e1 vacinamos 65% da popula\u00e7\u00e3o adulta com duas doses e estamos retornando ao trabalho. A&nbsp; economia est\u00e1 crescendo 5,5% neste ano, e j\u00e1 temos para os pr\u00f3ximos mais de US$ 100 bilh\u00f5es em contratos assinados em energia el\u00e9trica, rodovias, ferrovias, g\u00e1s natural, portos&#8221;,<\/em><\/strong> disse o ministro durante a agenda nos Emirados \u00c1rabes Unidos.<\/p>\n\n\n\n<p>Para 2023, de acordo com o boletim Focus, a estimativa de crescimento do PIB foi mantida em 2%, o mesmo aumento esperado para 2024.<\/p>\n\n\n\n<p><strong>Previs\u00e3o para 2021<\/strong><\/p>\n\n\n\n<p>A manuten\u00e7\u00e3o do\u00a0ritmo acelerado de aumento dos pre\u00e7os\u00a0fez os economistas elevarem, pela 32\u00aa semana seguida, as previs\u00f5es para a infla\u00e7\u00e3o de 2021. As proje\u00e7\u00f5es para o crescimento da economia, por sua vez, recuaram pela quinta vez consecutiva. Agora, a estimativa de crescimento \u00e9 de 4,88% para o fim deste ano.<\/p>\n\n\n\n<p>Conforme as estimativas do BC, a aposta atual \u00e9 que o\u00a0IPCA (\u00cdndice Nacional de Pre\u00e7os ao Consumidor Amplo)\u00a0feche o ano em 9,77% \u2014 acima dos 9,33% previstos na semana passada.<\/p>\n\n\n\n<p>As mudan\u00e7as das estimativas s\u00e3o impulsionadas pelas recentes altas no pre\u00e7o da energia el\u00e9trica e dos combust\u00edveis, que causam um efeito cascata em outros produtos da economia, e pelo temor de rompimento do teto de gastos com o pagamento do Aux\u00edlio Brasil, programa idealizado para substituir o Bolsa Fam\u00edlia.<\/p>\n\n\n\n<p>Caso a nova expectativa seja confirmada, a infla\u00e7\u00e3o chegar\u00e1 ao fim de 2021 superando o dobro da meta estabelecida pelo governo para o ano, de 3,75%. H\u00e1 uma toler\u00e2ncia m\u00e1xima de at\u00e9 5,25%.<\/p>\n\n\n\n<p>Apesar da previs\u00e3o de maior alta nos pre\u00e7os, a expectativa para o d\u00f3lar ficou mantida em R$ 5,50.&nbsp;<\/p>\n\n\n\n<p><em>Fonte: R7<\/em><\/p>\n","protected":false},"excerpt":{"rendered":"<p>Economistas de principais bancos do Brasil preveem PIB em 0,93% no ano que vem; ministro j\u00e1 disse que estimativas s\u00e3o &#8216;conversinha&#8217;<\/p>\n","protected":false},"author":2,"featured_media":29415,"comment_status":"open","ping_status":"open","sticky":false,"template":"","format":"standard","meta":{"om_disable_all_campaigns":false,"_monsterinsights_skip_tracking":false,"_monsterinsights_sitenote_active":false,"_monsterinsights_sitenote_note":"","_monsterinsights_sitenote_category":0,"footnotes":""},"categories":[34,70,69],"tags":[93,1137,2708],"class_list":["post-39339","post","type-post","status-publish","format-standard","has-post-thumbnail","hentry","category-brasil","category-destaques","category-noticias2","tag-brasil","tag-economia","tag-paulo-guedes"],"aioseo_notices":[],"_links":{"self":[{"href":"https:\/\/www.portalalerta.com.br\/index.php\/wp-json\/wp\/v2\/posts\/39339","targetHints":{"allow":["GET"]}}],"collection":[{"href":"https:\/\/www.portalalerta.com.br\/index.php\/wp-json\/wp\/v2\/posts"}],"about":[{"href":"https:\/\/www.portalalerta.com.br\/index.php\/wp-json\/wp\/v2\/types\/post"}],"author":[{"embeddable":true,"href":"https:\/\/www.portalalerta.com.br\/index.php\/wp-json\/wp\/v2\/users\/2"}],"replies":[{"embeddable":true,"href":"https:\/\/www.portalalerta.com.br\/index.php\/wp-json\/wp\/v2\/comments?post=39339"}],"version-history":[{"count":2,"href":"https:\/\/www.portalalerta.com.br\/index.php\/wp-json\/wp\/v2\/posts\/39339\/revisions"}],"predecessor-version":[{"id":39344,"href":"https:\/\/www.portalalerta.com.br\/index.php\/wp-json\/wp\/v2\/posts\/39339\/revisions\/39344"}],"wp:featuredmedia":[{"embeddable":true,"href":"https:\/\/www.portalalerta.com.br\/index.php\/wp-json\/wp\/v2\/media\/29415"}],"wp:attachment":[{"href":"https:\/\/www.portalalerta.com.br\/index.php\/wp-json\/wp\/v2\/media?parent=39339"}],"wp:term":[{"taxonomy":"category","embeddable":true,"href":"https:\/\/www.portalalerta.com.br\/index.php\/wp-json\/wp\/v2\/categories?post=39339"},{"taxonomy":"post_tag","embeddable":true,"href":"https:\/\/www.portalalerta.com.br\/index.php\/wp-json\/wp\/v2\/tags?post=39339"}],"curies":[{"name":"wp","href":"https:\/\/api.w.org\/{rel}","templated":true}]}}