{"id":39342,"date":"2021-11-17T08:02:00","date_gmt":"2021-11-17T11:02:00","guid":{"rendered":"https:\/\/www.portalalerta.com.br\/?p=39342"},"modified":"2021-11-17T00:52:59","modified_gmt":"2021-11-17T03:52:59","slug":"aliado-de-eduardo-leite-jutahy-pede-adiamento-das-previas-do-psdb","status":"publish","type":"post","link":"https:\/\/www.portalalerta.com.br\/index.php\/2021\/11\/17\/aliado-de-eduardo-leite-jutahy-pede-adiamento-das-previas-do-psdb\/","title":{"rendered":"Aliado de Eduardo Leite, Jutahy pede adiamento das pr\u00e9vias do PSDB"},"content":{"rendered":"\n<p>Na noite desta segunda-feira, 15, aliados de Eduardo Leite nas pr\u00e9vias do PSDB para a candidatura \u00e0 presid\u00eancia da Rep\u00fablica em 2022, pediram o adiamento do primeiro turno, marcado para este domingo, 21.<\/p>\n\n\n\n<!--more-->\n\n\n\n<p>Em um \u00e1udio<strong>,&nbsp;<\/strong>consta a voz do ex-deputado baiano Jutahy Magalh\u00e3es, um dos aliados do governador do Rio Grande do Sul, que prop\u00f5e postergar a pr\u00e9via. <strong><em>\u201cN\u00e3o pode ter pr\u00e9via no dia 21, essa \u00e9 a posi\u00e7\u00e3o nossa\u201d, <\/em><\/strong>disse. Em contato com a reportagem, Jutahy confirmou o pedido de adiamento. <strong><em>\u201cEra uma discuss\u00e3o interna, que foi gravada e divulgada, mesmo eles tendo conhecimento das nossas propostas\u201d<\/em><\/strong>, afirmou.<\/p>\n\n\n\n<div class=\"wp-block-image\"><figure class=\"alignleft size-large is-resized\"><img fetchpriority=\"high\" decoding=\"async\" src=\"https:\/\/www.portalalerta.com.br\/wp-content\/uploads\/2021\/10\/Cred-Real-1024x1024.jpeg\" alt=\"\" class=\"wp-image-38729\" width=\"261\" height=\"261\" srcset=\"https:\/\/www.portalalerta.com.br\/wp-content\/uploads\/2021\/10\/Cred-Real-1024x1024.jpeg 1024w, https:\/\/www.portalalerta.com.br\/wp-content\/uploads\/2021\/10\/Cred-Real-240x240.jpeg 240w, https:\/\/www.portalalerta.com.br\/wp-content\/uploads\/2021\/10\/Cred-Real-768x768.jpeg 768w, https:\/\/www.portalalerta.com.br\/wp-content\/uploads\/2021\/10\/Cred-Real-1536x1536.jpeg 1536w, https:\/\/www.portalalerta.com.br\/wp-content\/uploads\/2021\/10\/Cred-Real-146x146.jpeg 146w, https:\/\/www.portalalerta.com.br\/wp-content\/uploads\/2021\/10\/Cred-Real-50x50.jpeg 50w, https:\/\/www.portalalerta.com.br\/wp-content\/uploads\/2021\/10\/Cred-Real-75x75.jpeg 75w, https:\/\/www.portalalerta.com.br\/wp-content\/uploads\/2021\/10\/Cred-Real-85x85.jpeg 85w, https:\/\/www.portalalerta.com.br\/wp-content\/uploads\/2021\/10\/Cred-Real-80x80.jpeg 80w, https:\/\/www.portalalerta.com.br\/wp-content\/uploads\/2021\/10\/Cred-Real.jpeg 1920w\" sizes=\"(max-width: 261px) 100vw, 261px\" \/><\/figure><\/div>\n\n\n\n<p>Segundo Jutahy, entre as demandas da equipe da campanha de Leite, est\u00e3o a n\u00e3o-obrigatoriedade de ir votar presencialmente em Bras\u00edlia do presidente e de ex-presidentes do partido e de filados que estejam nos cargos de governador, vice-governador, deputado federal e estadual, al\u00e9m de prefeitos e vice-prefeitos. \u201cImagine o prefeito de Itamaraju pegar um avi\u00e3o para ir \u00e0 Bras\u00edlia votar e voltar\u201d, disse o ex-deputado.<\/p>\n\n\n\n<p>Outras demandas como o refor\u00e7o \u00e0 seguran\u00e7a feita com o setor t\u00e9cnico que fez e administra o aplicativo e a garantia de possibilidade de auditoria sem a quebra do sigilo dos votos tamb\u00e9m foram feitas. Perguntada sobre estas quest\u00f5es demandadas pela equipe de Leite, a equipe de Jo\u00e3o Doria ainda n\u00e3o deu retorno para a reportagem.<\/p>\n\n\n\n<p>No site do partido, consta como regra que \u201cHaver\u00e1 vota\u00e7\u00e3o presencial exclusivamente para os Prefeitos e Vice-Prefeitos; Deputados Estaduais e Distritais; Governadores, Vice-Governadores, Ex-Presidentes e o atual Presidente da Comiss\u00e3o Executiva Nacional do PSDB, Senadores da Rep\u00fablica e Deputados Federais \u2013 Grupos I, II e III \u2013 com exce\u00e7\u00e3o dos vereadores\u201d. N\u00e3o est\u00e1 claro na regra, apesar de a vota\u00e7\u00e3o presencial ser exclusiva para estes cargos e para nenhum outro, se \u00e9 obrigat\u00f3rio que estes votem de maneira presencial em Bras\u00edlia.<\/p>\n\n\n\n<p>Em nota conjunta assinada pelas campanhas do governador de S\u00e3o Paulo Jo\u00e3o Doria e pelo ex-senador Arthur Virg\u00edlio, os pol\u00edticos alegam que o pedido n\u00e3o ser\u00e1 aceito e que tal medida seria <strong><em>&#8220;imoral e inaceit\u00e1vel&#8221;<\/em><\/strong>.<\/p>\n\n\n\n<p><strong><em>&#8220;Adiar as pr\u00e9vias \u00e9 casu\u00edsmo eleitoral. A experi\u00eancia adotada pelo PSDB oferece in\u00fameras alternativas confi\u00e1veis para a realiza\u00e7\u00e3o das elei\u00e7\u00f5es no prazo acordado, ou seja, 21 de novembro. Os candidatos Arthur Virg\u00edlio e Jo\u00e3o Doria entendem que a democracia n\u00e3o pode ser adiada&#8221;<\/em><\/strong>, diz o texto.<\/p>\n\n\n\n<p>Em entrevista ao vivo no Jornal da Manh\u00e3-RS, Eduardo Leite negou que tenha havido pedido de adiamento. <strong><em>&#8220;A nota claramente tenta criar um factoide na reta final da decis\u00e3o do PSDB. Tentam criar algum tipo de fato que desestabilize uma vantagem que a gente tem dentro das pr\u00e9vias, querendo dar a entender que estar\u00edamos querendo postergar com alguma outra inten\u00e7\u00e3o&#8221;<\/em><\/strong>, avaliou.<\/p>\n\n\n\n<p><strong><em>&#8220;O que foi falado nessa discuss\u00e3o que houve ontem \u00e9 que \u00e9 melhor garantir pelo aplicativo a vota\u00e7\u00e3o de maior n\u00famero de pessoas, mesmo que, eventualmente, fosse necess\u00e1rio um adiamento, do que fazer uma vota\u00e7\u00e3o no dia 21 com um n\u00famero menor de participantes. Essa foi a quest\u00e3o num debate, querendo achar o melhor caminho para que esta decis\u00e3o nas pr\u00e9vias se d\u00ea com toda legitimidade que precisa ter, para defini\u00e7\u00e3o da candidatura por parte do PSDB. Da nossa parte, as pr\u00e9vias acontecem no dia 21, com todos os filiados votando a\u00ed pelo aplicativo\u201d<\/em><\/strong>, finalizou.<\/p>\n\n\n\n<p><em>Fonte: A Tarde<\/em><\/p>\n","protected":false},"excerpt":{"rendered":"<p>Na noite desta segunda-feira, 15, aliados de Eduardo Leite nas pr\u00e9vias do PSDB para a candidatura \u00e0 presid\u00eancia da Rep\u00fablica em 2022, pediram o adiamento do primeiro turno, marcado para este domingo, 21.<\/p>\n","protected":false},"author":2,"featured_media":39347,"comment_status":"open","ping_status":"open","sticky":false,"template":"","format":"standard","meta":{"om_disable_all_campaigns":false,"_monsterinsights_skip_tracking":false,"_monsterinsights_sitenote_active":false,"_monsterinsights_sitenote_note":"","_monsterinsights_sitenote_category":0,"footnotes":""},"categories":[33,34,70,69,21],"tags":[54,93,5041,5084,5040,939],"class_list":["post-39342","post","type-post","status-publish","format-standard","has-post-thumbnail","hentry","category-bahia","category-brasil","category-destaques","category-noticias2","category-politica","tag-bahia","tag-brasil","tag-eduardo-leite","tag-jutahy-magalhaes","tag-previas-eleitorais","tag-psdb"],"aioseo_notices":[],"_links":{"self":[{"href":"https:\/\/www.portalalerta.com.br\/index.php\/wp-json\/wp\/v2\/posts\/39342","targetHints":{"allow":["GET"]}}],"collection":[{"href":"https:\/\/www.portalalerta.com.br\/index.php\/wp-json\/wp\/v2\/posts"}],"about":[{"href":"https:\/\/www.portalalerta.com.br\/index.php\/wp-json\/wp\/v2\/types\/post"}],"author":[{"embeddable":true,"href":"https:\/\/www.portalalerta.com.br\/index.php\/wp-json\/wp\/v2\/users\/2"}],"replies":[{"embeddable":true,"href":"https:\/\/www.portalalerta.com.br\/index.php\/wp-json\/wp\/v2\/comments?post=39342"}],"version-history":[{"count":1,"href":"https:\/\/www.portalalerta.com.br\/index.php\/wp-json\/wp\/v2\/posts\/39342\/revisions"}],"predecessor-version":[{"id":39348,"href":"https:\/\/www.portalalerta.com.br\/index.php\/wp-json\/wp\/v2\/posts\/39342\/revisions\/39348"}],"wp:featuredmedia":[{"embeddable":true,"href":"https:\/\/www.portalalerta.com.br\/index.php\/wp-json\/wp\/v2\/media\/39347"}],"wp:attachment":[{"href":"https:\/\/www.portalalerta.com.br\/index.php\/wp-json\/wp\/v2\/media?parent=39342"}],"wp:term":[{"taxonomy":"category","embeddable":true,"href":"https:\/\/www.portalalerta.com.br\/index.php\/wp-json\/wp\/v2\/categories?post=39342"},{"taxonomy":"post_tag","embeddable":true,"href":"https:\/\/www.portalalerta.com.br\/index.php\/wp-json\/wp\/v2\/tags?post=39342"}],"curies":[{"name":"wp","href":"https:\/\/api.w.org\/{rel}","templated":true}]}}