{"id":39351,"date":"2021-11-17T15:01:54","date_gmt":"2021-11-17T18:01:54","guid":{"rendered":"https:\/\/www.portalalerta.com.br\/?p=39351"},"modified":"2021-11-17T15:01:55","modified_gmt":"2021-11-17T18:01:55","slug":"ministerio-da-saude-vai-liberar-dose-de-reforco-contra-covid-para-todos-os-adultos","status":"publish","type":"post","link":"https:\/\/www.portalalerta.com.br\/index.php\/2021\/11\/17\/ministerio-da-saude-vai-liberar-dose-de-reforco-contra-covid-para-todos-os-adultos\/","title":{"rendered":"Minist\u00e9rio da Sa\u00fade vai liberar dose de refor\u00e7o contra Covid para todos os adultos"},"content":{"rendered":"\n<p>O Minist\u00e9rio da Sa\u00fade ir\u00e1 liberar a dose de refor\u00e7o da vacina contra Covid para pessoas com 18 anos ou mais. A aplica\u00e7\u00e3o da nova inje\u00e7\u00e3o ser\u00e1 realizada cinco meses ap\u00f3s o esquema vacinal b\u00e1sico para todos os adultos. A decis\u00e3o foi anunciada em entrevista coletiva no Minist\u00e9rio da Sa\u00fade nesta ter\u00e7a-feira (16).<\/p>\n\n\n\n<!--more-->\n\n\n\n<p>Desde o fim de setembro, o Minist\u00e9rio da Sa\u00fade indica a aplica\u00e7\u00e3o da dose de refor\u00e7o em pessoas acima de 60 anos, al\u00e9m de integrantes de grupos de risco, como pacientes em quimioterapia, com imunodefici\u00eancia, pessoas que vivem com HIV\/Aids, entre outros casos.<br>\u00a0<\/p>\n\n\n\n<p>Para esse p\u00fablico, as doses eram aplicadas ap\u00f3s seis meses do ciclo vacinal completo, ou seja, depois da segunda aplica\u00e7\u00e3o das vacinas da Pfizer, Coronavac e AstraZeneca ou ap\u00f3s uma aplica\u00e7\u00e3o do modelo da Janssen, que \u00e9 administrado em dose \u00fanica.<br>\u00a0<\/p>\n\n\n\n<div class=\"wp-block-image\"><figure class=\"alignleft size-large is-resized\"><img fetchpriority=\"high\" decoding=\"async\" src=\"https:\/\/www.portalalerta.com.br\/wp-content\/uploads\/2021\/04\/ELAB.jpg\" alt=\"\" class=\"wp-image-34795\" width=\"303\" height=\"242\" srcset=\"https:\/\/www.portalalerta.com.br\/wp-content\/uploads\/2021\/04\/ELAB.jpg 1000w, https:\/\/www.portalalerta.com.br\/wp-content\/uploads\/2021\/04\/ELAB-300x240.jpg 300w, https:\/\/www.portalalerta.com.br\/wp-content\/uploads\/2021\/04\/ELAB-768x614.jpg 768w, https:\/\/www.portalalerta.com.br\/wp-content\/uploads\/2021\/04\/ELAB-183x146.jpg 183w, https:\/\/www.portalalerta.com.br\/wp-content\/uploads\/2021\/04\/ELAB-50x40.jpg 50w, https:\/\/www.portalalerta.com.br\/wp-content\/uploads\/2021\/04\/ELAB-94x75.jpg 94w\" sizes=\"(max-width: 303px) 100vw, 303px\" \/><\/figure><\/div>\n\n\n\n<p>Com a mudan\u00e7a anunciada nesta ter\u00e7a, o intervalo ser\u00e1 reduzido para cinco meses ap\u00f3s o ciclo b\u00e1sico.<br>&nbsp;<\/p>\n\n\n\n<p>As diretrizes do Minist\u00e9rio da Sa\u00fade sobre a campanha de vacina\u00e7\u00e3o servem para orientar estados e munic\u00edpios, mas n\u00e3o h\u00e1 uma obriga\u00e7\u00e3o de seguir o governo federal. Santa Catarina, Minas Gerais, Rio Grande do Sul e alguns munic\u00edpios j\u00e1 anteciparam a mudan\u00e7a e reduziram de seis para cinco meses o intervalo para aplicar a dose de refor\u00e7o.<br>&nbsp;<\/p>\n\n\n\n<p><strong><em>&#8220;Com isso, vamos ter uma cobertura maior da popula\u00e7\u00e3o e evitar o que tem acontecido na Europa&#8221;<\/em><\/strong>, disse o ministro da Sa\u00fade, Marcelo Queiroga.<br>&nbsp;<\/p>\n\n\n\n<p>A Alemanha, por exemplo, cogita voltar ao regime de home office, enquanto a Holanda se tornou na sexta-feira (12) o primeiro pa\u00eds da Europa Ocidental a retomar medidas mais r\u00edgidas de isolamento social por causa da Covid.<br>&nbsp;<\/p>\n\n\n\n<p>O Brasil tem 58,9% da popula\u00e7\u00e3o com o primeiro ciclo vacinal completo. Cerca de 75,7% da popula\u00e7\u00e3o recebeu ao menos uma dose. Os dados s\u00e3o do cons\u00f3rcio formado pelos ve\u00edculos Folha, Uol, O Estado de S. Paulo, Extra, o Globo e G1.<br>&nbsp;<\/p>\n\n\n\n<p>Segundo o site Our World in Data, vinculado \u00e0 Universidade de Oxford, na Inglaterra, o Brasil ultrapassou os Estados Unidos no percentual de vacinados contra Covid.<br>&nbsp;<\/p>\n\n\n\n<p>A informa\u00e7\u00e3o foi compartilhada numa rede social pelo cientista Eric Topol, cardiologista, fundador e diretor do Scripps Research Translational Institute, e professor de Medicina Molecular no Scripps Research Institute. De acordo com ele, o Brasil se uniu a outros 55 pa\u00edses que superaram os \u00edndices americanos.<br>&nbsp;<\/p>\n\n\n\n<p><strong>VACINA\u00c7\u00c3O DE CRIAN\u00c7AS E ADOLESCENTES<br>&nbsp;<\/strong><\/p>\n\n\n\n<p>Para a popula\u00e7\u00e3o com menos de 18 anos, no Brasil apenas a Pfizer tem autoriza\u00e7\u00e3o da Anvisa (Ag\u00eancia Nacional de Vigil\u00e2ncia Sanit\u00e1ria) para aplicar a inje\u00e7\u00e3o contra a Covid em adolescentes que t\u00eam de 12 a 17 anos.<br>&nbsp;<\/p>\n\n\n\n<p>Na \u00faltima sexta-feira (12), a ag\u00eancia recebeu o pedido de uso desse imunizante em crian\u00e7as de 5 a 11 anos. A solicita\u00e7\u00e3o dever\u00e1 ser analisada em um prazo de at\u00e9 30 dias.<br>&nbsp;<\/p>\n\n\n\n<p>O Instituto Butantan, respons\u00e1vel no Brasil pela produ\u00e7\u00e3o da Coronavac, afirma ter apresentado os documentos necess\u00e1rios para a libera\u00e7\u00e3o do imunizante para crian\u00e7as, mas o \u00f3rg\u00e3o regulador nega ter recebido informa\u00e7\u00f5es suficientes para a autoriza\u00e7\u00e3o.<\/p>\n\n\n\n<p><em>Fonte: Bahia Not\u00edcias<\/em><\/p>\n","protected":false},"excerpt":{"rendered":"<p>O Minist\u00e9rio da Sa\u00fade ir\u00e1 liberar a dose de refor\u00e7o da vacina contra Covid para pessoas com 18 anos ou mais. A aplica\u00e7\u00e3o da nova inje\u00e7\u00e3o ser\u00e1 realizada cinco meses ap\u00f3s o esquema vacinal b\u00e1sico para todos os adultos. A decis\u00e3o foi anunciada em entrevista coletiva no Minist\u00e9rio da Sa\u00fade nesta ter\u00e7a-feira (16).<\/p>\n","protected":false},"author":2,"featured_media":10333,"comment_status":"open","ping_status":"open","sticky":false,"template":"","format":"standard","meta":{"om_disable_all_campaigns":false,"_monsterinsights_skip_tracking":false,"_monsterinsights_sitenote_active":false,"_monsterinsights_sitenote_note":"","_monsterinsights_sitenote_category":0,"footnotes":""},"categories":[34,70,69,19],"tags":[93,3429,3486,61,3570,371],"class_list":["post-39351","post","type-post","status-publish","format-standard","has-post-thumbnail","hentry","category-brasil","category-destaques","category-noticias2","category-saude","tag-brasil","tag-coronavirus","tag-covid-19","tag-saude","tag-vacina","tag-vacinacao"],"aioseo_notices":[],"_links":{"self":[{"href":"https:\/\/www.portalalerta.com.br\/index.php\/wp-json\/wp\/v2\/posts\/39351","targetHints":{"allow":["GET"]}}],"collection":[{"href":"https:\/\/www.portalalerta.com.br\/index.php\/wp-json\/wp\/v2\/posts"}],"about":[{"href":"https:\/\/www.portalalerta.com.br\/index.php\/wp-json\/wp\/v2\/types\/post"}],"author":[{"embeddable":true,"href":"https:\/\/www.portalalerta.com.br\/index.php\/wp-json\/wp\/v2\/users\/2"}],"replies":[{"embeddable":true,"href":"https:\/\/www.portalalerta.com.br\/index.php\/wp-json\/wp\/v2\/comments?post=39351"}],"version-history":[{"count":1,"href":"https:\/\/www.portalalerta.com.br\/index.php\/wp-json\/wp\/v2\/posts\/39351\/revisions"}],"predecessor-version":[{"id":39355,"href":"https:\/\/www.portalalerta.com.br\/index.php\/wp-json\/wp\/v2\/posts\/39351\/revisions\/39355"}],"wp:featuredmedia":[{"embeddable":true,"href":"https:\/\/www.portalalerta.com.br\/index.php\/wp-json\/wp\/v2\/media\/10333"}],"wp:attachment":[{"href":"https:\/\/www.portalalerta.com.br\/index.php\/wp-json\/wp\/v2\/media?parent=39351"}],"wp:term":[{"taxonomy":"category","embeddable":true,"href":"https:\/\/www.portalalerta.com.br\/index.php\/wp-json\/wp\/v2\/categories?post=39351"},{"taxonomy":"post_tag","embeddable":true,"href":"https:\/\/www.portalalerta.com.br\/index.php\/wp-json\/wp\/v2\/tags?post=39351"}],"curies":[{"name":"wp","href":"https:\/\/api.w.org\/{rel}","templated":true}]}}