{"id":39923,"date":"2021-12-17T10:29:38","date_gmt":"2021-12-17T13:29:38","guid":{"rendered":"https:\/\/www.portalalerta.com.br\/?p=39923"},"modified":"2021-12-17T10:29:39","modified_gmt":"2021-12-17T13:29:39","slug":"promotor-joao-paulo-schoucair-e-aprovado-pela-ccj-para-conselho-nacional-de-justica","status":"publish","type":"post","link":"https:\/\/www.portalalerta.com.br\/index.php\/2021\/12\/17\/promotor-joao-paulo-schoucair-e-aprovado-pela-ccj-para-conselho-nacional-de-justica\/","title":{"rendered":"Promotor Jo\u00e3o Paulo Schoucair \u00e9 aprovado pela CCJ para Conselho Nacional de Justi\u00e7a"},"content":{"rendered":"\n<p>A Comiss\u00e3o de Constitui\u00e7\u00e3o e Justi\u00e7a (CCJ) aprovou, na tarde desta quarta-feira (15), a indica\u00e7\u00e3o de Jo\u00e3o Paulo Santos Schoucair. que atua no Minist\u00e9rio P\u00fablico da Bahia (MP-BA), &nbsp;para compor o Conselho Nacional de Justi\u00e7a (CNJ). Agora, a indica\u00e7\u00e3o segue para vota\u00e7\u00e3o em plen\u00e1rio.<\/p>\n\n\n\n<!--more-->\n\n\n\n<p>Jo\u00e3o Paulo Santos Schoucair foi indicado pelo procurador-geral da Rep\u00fablica, Augusto Aras, a ocupar uma vaga destinada ao Minist\u00e9rio P\u00fablico no CNJ. Durante a sabatina na CCJ, ele se comprometeu a atuar de forma \u201cequilibrada, cuidadosa, imparcial e independente\u201d.<\/p>\n\n\n\n<div class=\"wp-block-image\"><figure class=\"aligncenter size-large\"><img decoding=\"async\" src=\"https:\/\/www.portalalerta.com.br\/wp-content\/uploads\/2021\/12\/Real-Natal-1024x131.jpg\" alt=\"\" class=\"wp-image-39853\"\/><\/figure><\/div>\n\n\n\n<p>Conforme divulgou a CNN, o promotor defendeu di\u00e1logo institucional entre os tr\u00eas Poderes e a busca de solu\u00e7\u00f5es de consenso que assegurem o respeito aos direitos fundamentais previstos na Constitui\u00e7\u00e3o. \u201cComo \u00f3rg\u00e3o fiscalizador do Poder Judici\u00e1rio, s\u00e3o muitos os desafios do CNJ. Colaborar com o aperfei\u00e7oamento do sistema de Justi\u00e7a, que tenha como objetivo uma presta\u00e7\u00e3o jurisdicional c\u00e9lere e efetiva, primando pelo absoluto respeito a direitos e garantias fundamentais\u201d, disse.<\/p>\n\n\n\n<p>O relator da indica\u00e7\u00e3o foi o senador Jaques Wagner (PT). O petista disse conhecer a trajet\u00f3ria de Jo\u00e3o Paulo Schoucair. \u201cA gente tem visto na nossa hist\u00f3ria recente esses conselhos cumprirem um papel muito mais de defesa das corpora\u00e7\u00f5es do que garantir que o sistema de Justi\u00e7a funcione dentro do esperado. O senhor passar\u00e1 a ser um guardi\u00e3o do interesse da sociedade brasileira, n\u00e3o um protetor ou garantidor dos interesses corporativos, no sentido pejorativo\u201d, disse.<\/p>\n\n\n\n<p><em>Fonte: Bahia Not\u00edcias<\/em><\/p>\n","protected":false},"excerpt":{"rendered":"<p>A Comiss\u00e3o de Constitui\u00e7\u00e3o e Justi\u00e7a (CCJ) aprovou, na tarde desta quarta-feira (15), a indica\u00e7\u00e3o de Jo\u00e3o Paulo Santos Schoucair. que atua no Minist\u00e9rio P\u00fablico da Bahia (MP-BA), &nbsp;para compor o Conselho Nacional de Justi\u00e7a (CNJ). Agora, a indica\u00e7\u00e3o segue para vota\u00e7\u00e3o em plen\u00e1rio.<\/p>\n","protected":false},"author":2,"featured_media":39711,"comment_status":"open","ping_status":"open","sticky":false,"template":"","format":"standard","meta":{"om_disable_all_campaigns":false,"_monsterinsights_skip_tracking":false,"_monsterinsights_sitenote_active":false,"_monsterinsights_sitenote_note":"","_monsterinsights_sitenote_category":0,"footnotes":""},"categories":[33,34,70,69],"tags":[54,93,3093,566,5115,235],"class_list":["post-39923","post","type-post","status-publish","format-standard","has-post-thumbnail","hentry","category-bahia","category-brasil","category-destaques","category-noticias2","tag-bahia","tag-brasil","tag-ccj","tag-cnj","tag-dr-joao-paulo-schoucair","tag-senado-federal"],"aioseo_notices":[],"_links":{"self":[{"href":"https:\/\/www.portalalerta.com.br\/index.php\/wp-json\/wp\/v2\/posts\/39923","targetHints":{"allow":["GET"]}}],"collection":[{"href":"https:\/\/www.portalalerta.com.br\/index.php\/wp-json\/wp\/v2\/posts"}],"about":[{"href":"https:\/\/www.portalalerta.com.br\/index.php\/wp-json\/wp\/v2\/types\/post"}],"author":[{"embeddable":true,"href":"https:\/\/www.portalalerta.com.br\/index.php\/wp-json\/wp\/v2\/users\/2"}],"replies":[{"embeddable":true,"href":"https:\/\/www.portalalerta.com.br\/index.php\/wp-json\/wp\/v2\/comments?post=39923"}],"version-history":[{"count":1,"href":"https:\/\/www.portalalerta.com.br\/index.php\/wp-json\/wp\/v2\/posts\/39923\/revisions"}],"predecessor-version":[{"id":39928,"href":"https:\/\/www.portalalerta.com.br\/index.php\/wp-json\/wp\/v2\/posts\/39923\/revisions\/39928"}],"wp:featuredmedia":[{"embeddable":true,"href":"https:\/\/www.portalalerta.com.br\/index.php\/wp-json\/wp\/v2\/media\/39711"}],"wp:attachment":[{"href":"https:\/\/www.portalalerta.com.br\/index.php\/wp-json\/wp\/v2\/media?parent=39923"}],"wp:term":[{"taxonomy":"category","embeddable":true,"href":"https:\/\/www.portalalerta.com.br\/index.php\/wp-json\/wp\/v2\/categories?post=39923"},{"taxonomy":"post_tag","embeddable":true,"href":"https:\/\/www.portalalerta.com.br\/index.php\/wp-json\/wp\/v2\/tags?post=39923"}],"curies":[{"name":"wp","href":"https:\/\/api.w.org\/{rel}","templated":true}]}}