{"id":39924,"date":"2021-12-17T10:43:55","date_gmt":"2021-12-17T13:43:55","guid":{"rendered":"https:\/\/www.portalalerta.com.br\/?p=39924"},"modified":"2021-12-17T10:43:56","modified_gmt":"2021-12-17T13:43:56","slug":"acao-conjunta-entre-policias-recupera-veiculo-roubado-em-euclides-da-cunha-ba","status":"publish","type":"post","link":"https:\/\/www.portalalerta.com.br\/index.php\/2021\/12\/17\/acao-conjunta-entre-policias-recupera-veiculo-roubado-em-euclides-da-cunha-ba\/","title":{"rendered":"A\u00e7\u00e3o conjunta entre pol\u00edcias, recupera ve\u00edculo roubado, em Euclides da Cunha-BA"},"content":{"rendered":"\n<p>No final da manh\u00e3 da \u00faltima quarta-feira (15) uma a\u00e7\u00e3o conjunta entre as pol\u00edcias civil e militar, culminou na recupera\u00e7\u00e3o de um ve\u00edculo roubado, em Euclides da Cunha-BA.<\/p>\n\n\n\n<!--more-->\n\n\n\n<p>A a\u00e7\u00e3o teve in\u00edcio ap\u00f3s a Pol\u00edcia Civil receber uma den\u00fancia, em que apontava que uma moto Honda Bros de cor preta, de origem criminosa, estaria transitando entre povoados de Euclides da Cunha e Banza\u00ea. Desta forma, investigadores da Pol\u00edcia Civil, juntamente com policiais militares do 5\u00ba Batalh\u00e3o, iniciaram as dilig\u00eancias na regi\u00e3o, at\u00e9 que no momento em que se encontravam no povoado Capoeira, em Euclides da Cunha, encontraram um ve\u00edculo com caracter\u00edsticas semelhantes, sem placa de identifica\u00e7\u00e3o, e numera\u00e7\u00e3o do chassi raspado.<\/p>\n\n\n\n<p>Atrav\u00e9s da numera\u00e7\u00e3o do motor, foi poss\u00edvel constatar que se tratava de um ve\u00edculo proveniente de roubo, ocorrido em abril de 2018, na estrada do Ara\u00e7\u00e1s, zona rural da referida cidade, e que o autor do crime em quest\u00e3o, teria morrido em confronto com a pol\u00edcia numa outra ocasi\u00e3o.<\/p>\n\n\n\n<p>A moto foi apresentada na Delegacia de Pol\u00edcia Civil local, para a ado\u00e7\u00e3o das medidas cab\u00edveis. Ningu\u00e9m foi preso durante a a\u00e7\u00e3o.<\/p>\n\n\n\n<p><em>Reda\u00e7\u00e3o: Portal Alerta<\/em><\/p>\n","protected":false},"excerpt":{"rendered":"<p>No final da manh\u00e3 da \u00faltima quarta-feira (15) uma a\u00e7\u00e3o conjunta entre as pol\u00edcias civil e militar, culminou na recupera\u00e7\u00e3o de um ve\u00edculo roubado, em Euclides da Cunha-BA.<\/p>\n","protected":false},"author":2,"featured_media":39929,"comment_status":"open","ping_status":"open","sticky":false,"template":"","format":"standard","meta":{"om_disable_all_campaigns":false,"_monsterinsights_skip_tracking":false,"_monsterinsights_sitenote_active":false,"_monsterinsights_sitenote_note":"","_monsterinsights_sitenote_category":0,"footnotes":""},"categories":[70,17,69,32,22],"tags":[557,387,565,122,79,101,102],"class_list":["post-39924","post","type-post","status-publish","format-standard","has-post-thumbnail","hentry","category-destaques","category-euclides-da-cunha","category-noticias2","category-regiao","category-seguranca","tag-25a-coorpin","tag-5o-bpm","tag-acao-conjunta","tag-policia-civil","tag-policia-militar","tag-roubo-de-moto","tag-veiculo-recuperado"],"aioseo_notices":[],"_links":{"self":[{"href":"https:\/\/www.portalalerta.com.br\/index.php\/wp-json\/wp\/v2\/posts\/39924","targetHints":{"allow":["GET"]}}],"collection":[{"href":"https:\/\/www.portalalerta.com.br\/index.php\/wp-json\/wp\/v2\/posts"}],"about":[{"href":"https:\/\/www.portalalerta.com.br\/index.php\/wp-json\/wp\/v2\/types\/post"}],"author":[{"embeddable":true,"href":"https:\/\/www.portalalerta.com.br\/index.php\/wp-json\/wp\/v2\/users\/2"}],"replies":[{"embeddable":true,"href":"https:\/\/www.portalalerta.com.br\/index.php\/wp-json\/wp\/v2\/comments?post=39924"}],"version-history":[{"count":1,"href":"https:\/\/www.portalalerta.com.br\/index.php\/wp-json\/wp\/v2\/posts\/39924\/revisions"}],"predecessor-version":[{"id":39930,"href":"https:\/\/www.portalalerta.com.br\/index.php\/wp-json\/wp\/v2\/posts\/39924\/revisions\/39930"}],"wp:featuredmedia":[{"embeddable":true,"href":"https:\/\/www.portalalerta.com.br\/index.php\/wp-json\/wp\/v2\/media\/39929"}],"wp:attachment":[{"href":"https:\/\/www.portalalerta.com.br\/index.php\/wp-json\/wp\/v2\/media?parent=39924"}],"wp:term":[{"taxonomy":"category","embeddable":true,"href":"https:\/\/www.portalalerta.com.br\/index.php\/wp-json\/wp\/v2\/categories?post=39924"},{"taxonomy":"post_tag","embeddable":true,"href":"https:\/\/www.portalalerta.com.br\/index.php\/wp-json\/wp\/v2\/tags?post=39924"}],"curies":[{"name":"wp","href":"https:\/\/api.w.org\/{rel}","templated":true}]}}