{"id":39932,"date":"2021-12-17T18:29:35","date_gmt":"2021-12-17T21:29:35","guid":{"rendered":"https:\/\/www.portalalerta.com.br\/?p=39932"},"modified":"2021-12-17T18:29:37","modified_gmt":"2021-12-17T21:29:37","slug":"policia-apreende-arma-de-fogo-em-euclides-da-cunha-ba-suspeito-fugiu","status":"publish","type":"post","link":"https:\/\/www.portalalerta.com.br\/index.php\/2021\/12\/17\/policia-apreende-arma-de-fogo-em-euclides-da-cunha-ba-suspeito-fugiu\/","title":{"rendered":"Pol\u00edcia apreende arma de fogo, em Euclides da Cunha-BA. Suspeito fugiu!"},"content":{"rendered":"\n<p>No final da manh\u00e3 da \u00faltima quinta-feira (16), uma a\u00e7\u00e3o conjunta entre policiais civis e militares, terminou com uma apreens\u00e3o de uma arma de fogo, em Euclides da Cunha-BA.<\/p>\n\n\n\n<!--more-->\n\n\n\n<div class=\"wp-block-image\"><figure class=\"aligncenter size-large\"><img fetchpriority=\"high\" decoding=\"async\" width=\"720\" height=\"181\" src=\"https:\/\/www.portalalerta.com.br\/wp-content\/uploads\/2018\/02\/Auto-Escola-Nobre.jpg\" alt=\"\" class=\"wp-image-4869\" srcset=\"https:\/\/www.portalalerta.com.br\/wp-content\/uploads\/2018\/02\/Auto-Escola-Nobre.jpg 720w, https:\/\/www.portalalerta.com.br\/wp-content\/uploads\/2018\/02\/Auto-Escola-Nobre-260x65.jpg 260w, https:\/\/www.portalalerta.com.br\/wp-content\/uploads\/2018\/02\/Auto-Escola-Nobre-50x13.jpg 50w, https:\/\/www.portalalerta.com.br\/wp-content\/uploads\/2018\/02\/Auto-Escola-Nobre-150x38.jpg 150w\" sizes=\"(max-width: 720px) 100vw, 720px\" \/><\/figure><\/div>\n\n\n\n<p>Os policiais realizavam rondas de rotina, e no momento em que se encontravam nas proximidades da localidade de S\u00e3o Bartolomeu (Casinhas), perceberam a presen\u00e7a de um homem em atitude suspeita, que correu para um matagal, ao perceber a presen\u00e7a policial. Na fuga, o suspeito lan\u00e7ou um objeto ao ch\u00e3o.<\/p>\n\n\n\n<p>Foram realizadas buscas no local, at\u00e9 o momento em que foi encontrado um rev\u00f3lver cal. 32, contendo seis muni\u00e7\u00f5es intactas. O material foi apresentado na Delegacia de Pol\u00edcia Civil da cidade, para a ado\u00e7\u00e3o das medidas cab\u00edveis.<\/p>\n\n\n\n<p>O suspeito n\u00e3o foi encontrado.<\/p>\n\n\n\n<p><em>Reda\u00e7\u00e3o: Portal Alerta<\/em><\/p>\n","protected":false},"excerpt":{"rendered":"<p>No final da manh\u00e3 da \u00faltima quinta-feira (16), uma a\u00e7\u00e3o conjunta entre policiais civis e militares, terminou com uma apreens\u00e3o de uma arma de fogo, em Euclides da Cunha-BA.<\/p>\n","protected":false},"author":2,"featured_media":39936,"comment_status":"open","ping_status":"open","sticky":false,"template":"","format":"standard","meta":{"om_disable_all_campaigns":false,"_monsterinsights_skip_tracking":false,"_monsterinsights_sitenote_active":false,"_monsterinsights_sitenote_note":"","_monsterinsights_sitenote_category":0,"footnotes":""},"categories":[70,17,69,32,22],"tags":[565,143,129,122,79,83],"class_list":["post-39932","post","type-post","status-publish","format-standard","has-post-thumbnail","hentry","category-destaques","category-euclides-da-cunha","category-noticias2","category-regiao","category-seguranca","tag-acao-conjunta","tag-apreensao","tag-euclides-da-cunha","tag-policia-civil","tag-policia-militar","tag-porte-ilegal-de-arma-de-fogo"],"aioseo_notices":[],"_links":{"self":[{"href":"https:\/\/www.portalalerta.com.br\/index.php\/wp-json\/wp\/v2\/posts\/39932","targetHints":{"allow":["GET"]}}],"collection":[{"href":"https:\/\/www.portalalerta.com.br\/index.php\/wp-json\/wp\/v2\/posts"}],"about":[{"href":"https:\/\/www.portalalerta.com.br\/index.php\/wp-json\/wp\/v2\/types\/post"}],"author":[{"embeddable":true,"href":"https:\/\/www.portalalerta.com.br\/index.php\/wp-json\/wp\/v2\/users\/2"}],"replies":[{"embeddable":true,"href":"https:\/\/www.portalalerta.com.br\/index.php\/wp-json\/wp\/v2\/comments?post=39932"}],"version-history":[{"count":1,"href":"https:\/\/www.portalalerta.com.br\/index.php\/wp-json\/wp\/v2\/posts\/39932\/revisions"}],"predecessor-version":[{"id":39937,"href":"https:\/\/www.portalalerta.com.br\/index.php\/wp-json\/wp\/v2\/posts\/39932\/revisions\/39937"}],"wp:featuredmedia":[{"embeddable":true,"href":"https:\/\/www.portalalerta.com.br\/index.php\/wp-json\/wp\/v2\/media\/39936"}],"wp:attachment":[{"href":"https:\/\/www.portalalerta.com.br\/index.php\/wp-json\/wp\/v2\/media?parent=39932"}],"wp:term":[{"taxonomy":"category","embeddable":true,"href":"https:\/\/www.portalalerta.com.br\/index.php\/wp-json\/wp\/v2\/categories?post=39932"},{"taxonomy":"post_tag","embeddable":true,"href":"https:\/\/www.portalalerta.com.br\/index.php\/wp-json\/wp\/v2\/tags?post=39932"}],"curies":[{"name":"wp","href":"https:\/\/api.w.org\/{rel}","templated":true}]}}