{"id":39942,"date":"2021-12-17T22:14:20","date_gmt":"2021-12-18T01:14:20","guid":{"rendered":"https:\/\/www.portalalerta.com.br\/?p=39942"},"modified":"2021-12-17T22:14:21","modified_gmt":"2021-12-18T01:14:21","slug":"traficante-condenado-pela-justica-e-capturado-ao-retornar-para-fatima-ba-onde-desejava-passar-festejos-de-fim-de-ano-com-a-familia","status":"publish","type":"post","link":"https:\/\/www.portalalerta.com.br\/index.php\/2021\/12\/17\/traficante-condenado-pela-justica-e-capturado-ao-retornar-para-fatima-ba-onde-desejava-passar-festejos-de-fim-de-ano-com-a-familia\/","title":{"rendered":"Traficante condenado pela justi\u00e7a, \u00e9 capturado ao retornar para F\u00e1tima-BA, onde desejava passar festejos de fim de ano com a fam\u00edlia"},"content":{"rendered":"\n<p>Um homem condenado a cinco anos de pris\u00e3o pela pr\u00e1tica de tr\u00e1fico de drogas, foi preso na tarde da \u00faltima quinta-feira (16), em F\u00e1tima-BA.<\/p>\n\n\n\n<!--more-->\n\n\n\n<p>De acordo com informa\u00e7\u00f5es, o homem foi condenado em 2018, e desde ent\u00e3o era considerado foragido. Policiais civis da 25\u00aa COORPIN descobriram que o traficante identificado pelas iniciais C.A.R de C, 29 anos estaria escondido em S\u00e3o Paulo, por\u00e9m estava prestes a retornar para a regi\u00e3o, onde desejava passar os festejos de fim de ano ao lado da fam\u00edlia.<\/p>\n\n\n\n<div class=\"wp-block-image\"><figure class=\"aligncenter size-large\"><img fetchpriority=\"high\" decoding=\"async\" width=\"720\" height=\"181\" src=\"https:\/\/www.portalalerta.com.br\/wp-content\/uploads\/2018\/02\/Auto-Escola-Nobre.jpg\" alt=\"\" class=\"wp-image-4869\" srcset=\"https:\/\/www.portalalerta.com.br\/wp-content\/uploads\/2018\/02\/Auto-Escola-Nobre.jpg 720w, https:\/\/www.portalalerta.com.br\/wp-content\/uploads\/2018\/02\/Auto-Escola-Nobre-260x65.jpg 260w, https:\/\/www.portalalerta.com.br\/wp-content\/uploads\/2018\/02\/Auto-Escola-Nobre-50x13.jpg 50w, https:\/\/www.portalalerta.com.br\/wp-content\/uploads\/2018\/02\/Auto-Escola-Nobre-150x38.jpg 150w\" sizes=\"(max-width: 720px) 100vw, 720px\" \/><\/figure><\/div>\n\n\n\n<p>Diante das informa\u00e7\u00f5es, policiais civis e guardas civis da cidade, se dirigiram at\u00e9 a Av. Nossa Senhora de F\u00e1tima, em F\u00e1tima-BA, onde capturaram o foragido.<\/p>\n\n\n\n<p>O traficante foi conduzido para a carceragem da Delegacia de Pol\u00edcia Civil de C\u00edcero Dantas-BA, onde se encontra \u00e0 disposi\u00e7\u00e3o da justi\u00e7a.<\/p>\n\n\n\n<p><em>Reda\u00e7\u00e3o: Portal Alerta<\/em><\/p>\n","protected":false},"excerpt":{"rendered":"<p>Um homem condenado a cinco anos de pris\u00e3o pela pr\u00e1tica de tr\u00e1fico de drogas, foi preso na tarde da \u00faltima quinta-feira (16), em F\u00e1tima-BA.<\/p>\n","protected":false},"author":2,"featured_media":9497,"comment_status":"open","ping_status":"open","sticky":false,"template":"","format":"standard","meta":{"om_disable_all_campaigns":false,"_monsterinsights_skip_tracking":false,"_monsterinsights_sitenote_active":false,"_monsterinsights_sitenote_note":"","_monsterinsights_sitenote_category":0,"footnotes":""},"categories":[4,70,10,69,32,22],"tags":[75,901,107,384,313,122,77,76],"class_list":["post-39942","post","type-post","status-publish","format-standard","has-post-thumbnail","hentry","category-cicero-dantas","category-destaques","category-fatima","category-noticias2","category-regiao","category-seguranca","tag-cicero-dantas","tag-condenado","tag-fatima","tag-foragido","tag-gcm","tag-policia-civil","tag-preso","tag-trafico-de-drogas"],"aioseo_notices":[],"_links":{"self":[{"href":"https:\/\/www.portalalerta.com.br\/index.php\/wp-json\/wp\/v2\/posts\/39942","targetHints":{"allow":["GET"]}}],"collection":[{"href":"https:\/\/www.portalalerta.com.br\/index.php\/wp-json\/wp\/v2\/posts"}],"about":[{"href":"https:\/\/www.portalalerta.com.br\/index.php\/wp-json\/wp\/v2\/types\/post"}],"author":[{"embeddable":true,"href":"https:\/\/www.portalalerta.com.br\/index.php\/wp-json\/wp\/v2\/users\/2"}],"replies":[{"embeddable":true,"href":"https:\/\/www.portalalerta.com.br\/index.php\/wp-json\/wp\/v2\/comments?post=39942"}],"version-history":[{"count":1,"href":"https:\/\/www.portalalerta.com.br\/index.php\/wp-json\/wp\/v2\/posts\/39942\/revisions"}],"predecessor-version":[{"id":39947,"href":"https:\/\/www.portalalerta.com.br\/index.php\/wp-json\/wp\/v2\/posts\/39942\/revisions\/39947"}],"wp:featuredmedia":[{"embeddable":true,"href":"https:\/\/www.portalalerta.com.br\/index.php\/wp-json\/wp\/v2\/media\/9497"}],"wp:attachment":[{"href":"https:\/\/www.portalalerta.com.br\/index.php\/wp-json\/wp\/v2\/media?parent=39942"}],"wp:term":[{"taxonomy":"category","embeddable":true,"href":"https:\/\/www.portalalerta.com.br\/index.php\/wp-json\/wp\/v2\/categories?post=39942"},{"taxonomy":"post_tag","embeddable":true,"href":"https:\/\/www.portalalerta.com.br\/index.php\/wp-json\/wp\/v2\/tags?post=39942"}],"curies":[{"name":"wp","href":"https:\/\/api.w.org\/{rel}","templated":true}]}}