{"id":39953,"date":"2021-12-18T19:25:09","date_gmt":"2021-12-18T22:25:09","guid":{"rendered":"https:\/\/www.portalalerta.com.br\/?p=39953"},"modified":"2021-12-18T19:25:11","modified_gmt":"2021-12-18T22:25:11","slug":"adustina-ba-sem-rateio-do-fundeb-70-afirma-prefeito","status":"publish","type":"post","link":"https:\/\/www.portalalerta.com.br\/index.php\/2021\/12\/18\/adustina-ba-sem-rateio-do-fundeb-70-afirma-prefeito\/","title":{"rendered":"Adustina-BA sem Rateio do Fundeb 70, afirma prefeito"},"content":{"rendered":"\n<p>O Prefeito de Adustina-BA, Paulo Sergio , divulgou que a <strong>&#8220;Prefeitura de Adustina pagou sal\u00e1rio dos servidores efetivos, comissionados e contratados. Dinheiro de dezembro na conta. Com o sal\u00e1rio antecipado os funcion\u00e1rios v\u00e3o curtir o Natal e R\u00e9veillon mais feliz&#8221;.<\/strong><\/p>\n\n\n\n<!--more-->\n\n\n\n<div class=\"wp-block-image\"><figure class=\"aligncenter size-large\"><img decoding=\"async\" src=\"https:\/\/www.portalalerta.com.br\/wp-content\/uploads\/2021\/12\/Real-Natal-1024x131.jpg\" alt=\"\" class=\"wp-image-39853\"\/><\/figure><\/div>\n\n\n\n<p>J\u00e1, sobre o FUNDEB 70: <strong>&#8220;Em Adustina n\u00e3o ter\u00e1 rateio, pois os dados de outubro apontam que est\u00e1vamos com o \u00edndice de 77,88% com a folha dos professores, e em dezembro 2021 devemos fechar em torno de 80%, 10% mais do que o estabelecido pela lei&#8221;<\/strong>.<\/p>\n\n\n\n<p><em>Fonte: Joilson Costa<\/em><\/p>\n","protected":false},"excerpt":{"rendered":"<p>O Prefeito de Adustina-BA, Paulo Sergio , divulgou que a &#8220;Prefeitura de Adustina pagou sal\u00e1rio dos servidores efetivos, comissionados e contratados. Dinheiro de dezembro na conta. Com o sal\u00e1rio antecipado os funcion\u00e1rios v\u00e3o curtir o Natal e R\u00e9veillon mais feliz&#8221;.<\/p>\n","protected":false},"author":2,"featured_media":0,"comment_status":"open","ping_status":"open","sticky":false,"template":"","format":"standard","meta":{"om_disable_all_campaigns":false,"_monsterinsights_skip_tracking":false,"_monsterinsights_sitenote_active":false,"_monsterinsights_sitenote_note":"","_monsterinsights_sitenote_category":0,"footnotes":""},"categories":[40,70,20,69,32],"tags":[100,140,2136,3546,198,5132],"class_list":["post-39953","post","type-post","status-publish","format-standard","hentry","category-adustina","category-destaques","category-educacao","category-noticias2","category-regiao","tag-adustina","tag-educacao","tag-fundeb","tag-paulo-sergio","tag-prefeito","tag-rateio"],"aioseo_notices":[],"_links":{"self":[{"href":"https:\/\/www.portalalerta.com.br\/index.php\/wp-json\/wp\/v2\/posts\/39953","targetHints":{"allow":["GET"]}}],"collection":[{"href":"https:\/\/www.portalalerta.com.br\/index.php\/wp-json\/wp\/v2\/posts"}],"about":[{"href":"https:\/\/www.portalalerta.com.br\/index.php\/wp-json\/wp\/v2\/types\/post"}],"author":[{"embeddable":true,"href":"https:\/\/www.portalalerta.com.br\/index.php\/wp-json\/wp\/v2\/users\/2"}],"replies":[{"embeddable":true,"href":"https:\/\/www.portalalerta.com.br\/index.php\/wp-json\/wp\/v2\/comments?post=39953"}],"version-history":[{"count":1,"href":"https:\/\/www.portalalerta.com.br\/index.php\/wp-json\/wp\/v2\/posts\/39953\/revisions"}],"predecessor-version":[{"id":39958,"href":"https:\/\/www.portalalerta.com.br\/index.php\/wp-json\/wp\/v2\/posts\/39953\/revisions\/39958"}],"wp:attachment":[{"href":"https:\/\/www.portalalerta.com.br\/index.php\/wp-json\/wp\/v2\/media?parent=39953"}],"wp:term":[{"taxonomy":"category","embeddable":true,"href":"https:\/\/www.portalalerta.com.br\/index.php\/wp-json\/wp\/v2\/categories?post=39953"},{"taxonomy":"post_tag","embeddable":true,"href":"https:\/\/www.portalalerta.com.br\/index.php\/wp-json\/wp\/v2\/tags?post=39953"}],"curies":[{"name":"wp","href":"https:\/\/api.w.org\/{rel}","templated":true}]}}