{"id":39962,"date":"2021-12-19T13:03:38","date_gmt":"2021-12-19T16:03:38","guid":{"rendered":"https:\/\/www.portalalerta.com.br\/?p=39962"},"modified":"2021-12-19T13:03:40","modified_gmt":"2021-12-19T16:03:40","slug":"duas-doses-da-pfizer-em-criancas-de-2-a-5-anos-nao-produzem-imunidade-esperada-diz-farmaceutica","status":"publish","type":"post","link":"https:\/\/www.portalalerta.com.br\/index.php\/2021\/12\/19\/duas-doses-da-pfizer-em-criancas-de-2-a-5-anos-nao-produzem-imunidade-esperada-diz-farmaceutica\/","title":{"rendered":"Duas doses da Pfizer em crian\u00e7as de 2 a 5 anos n\u00e3o produzem imunidade esperada, diz farmac\u00eautica"},"content":{"rendered":"\n<p>Nenhum problema de seguran\u00e7a foi detectado, mas agora a fabricante far\u00e1 testes com uma terceira dose para essa faixa et\u00e1ria<\/p>\n\n\n\n<!--more-->\n\n\n\n<p>Testes com a vacina da Pfizer em crian\u00e7as de dois a cinco anos mostram que ela n\u00e3o fornece a imunidade esperada nessa faixa et\u00e1ria, anunciou a farmac\u00eautica nesta sexta-feira (17).<\/p>\n\n\n\n<div class=\"wp-block-image\"><figure class=\"alignleft size-large is-resized\"><img fetchpriority=\"high\" decoding=\"async\" src=\"https:\/\/www.portalalerta.com.br\/wp-content\/uploads\/2021\/04\/ELAB.jpg\" alt=\"\" class=\"wp-image-34795\" width=\"288\" height=\"230\" srcset=\"https:\/\/www.portalalerta.com.br\/wp-content\/uploads\/2021\/04\/ELAB.jpg 1000w, https:\/\/www.portalalerta.com.br\/wp-content\/uploads\/2021\/04\/ELAB-300x240.jpg 300w, https:\/\/www.portalalerta.com.br\/wp-content\/uploads\/2021\/04\/ELAB-768x614.jpg 768w, https:\/\/www.portalalerta.com.br\/wp-content\/uploads\/2021\/04\/ELAB-183x146.jpg 183w, https:\/\/www.portalalerta.com.br\/wp-content\/uploads\/2021\/04\/ELAB-50x40.jpg 50w, https:\/\/www.portalalerta.com.br\/wp-content\/uploads\/2021\/04\/ELAB-94x75.jpg 94w\" sizes=\"(max-width: 288px) 100vw, 288px\" \/><\/figure><\/div>\n\n\n\n<p>A empresa, contudo, decidiu testar uma terceira aplica\u00e7\u00e3o para todas as crian\u00e7as e beb\u00eas com idades entre seis meses e cinco anos ap\u00f3s seus consultores externos independentes analisarem os dados dispon\u00edveis at\u00e9 agora.<\/p>\n\n\n\n<p>A an\u00e1lise mostrou que duas doses da vacina da Pfizer espec\u00edficas para crian\u00e7as n\u00e3o estavam produzindo a imunidade esperada nos menores entre dois e cinco anos de idade, embora o fizesse em beb\u00eas de at\u00e9 dois anos.<\/p>\n\n\n\n<p><strong><em>\u201cO estudo agora incluir\u00e1 a avalia\u00e7\u00e3o de uma terceira dose de 3 microgramas, pelo menos dois meses ap\u00f3s a segunda dose, para fornecer altos n\u00edveis de prote\u00e7\u00e3o neste grupo\u201d<\/em><\/strong>, disse o documento.<\/p>\n\n\n\n<p>A Pfizer diminuiu o tamanho da dosagem para crian\u00e7as. Para a faixa et\u00e1ria acima de 12 anos, a dose \u00e9 de 30 microgramas de vacina. A Pfizer e a BioNTech reduziram para 10 microgramas para crian\u00e7as entre 5 e 11 anos, e diminu\u00edram ainda mais para as crian\u00e7as mais novas, para tr\u00eas microgramas por dose.<\/p>\n","protected":false},"excerpt":{"rendered":"<p>Nenhum problema de seguran\u00e7a foi detectado, mas agora a fabricante far\u00e1 testes com uma terceira dose para essa faixa et\u00e1ria<\/p>\n","protected":false},"author":2,"featured_media":33202,"comment_status":"open","ping_status":"open","sticky":false,"template":"","format":"standard","meta":{"om_disable_all_campaigns":false,"_monsterinsights_skip_tracking":false,"_monsterinsights_sitenote_active":false,"_monsterinsights_sitenote_note":"","_monsterinsights_sitenote_category":0,"footnotes":""},"categories":[70,35,69,19],"tags":[3429,3486,1198,339,4002,61,3570,371],"class_list":["post-39962","post","type-post","status-publish","format-standard","has-post-thumbnail","hentry","category-destaques","category-mundo","category-noticias2","category-saude","tag-coronavirus","tag-covid-19","tag-criancas","tag-mundo","tag-pfizer","tag-saude","tag-vacina","tag-vacinacao"],"aioseo_notices":[],"_links":{"self":[{"href":"https:\/\/www.portalalerta.com.br\/index.php\/wp-json\/wp\/v2\/posts\/39962","targetHints":{"allow":["GET"]}}],"collection":[{"href":"https:\/\/www.portalalerta.com.br\/index.php\/wp-json\/wp\/v2\/posts"}],"about":[{"href":"https:\/\/www.portalalerta.com.br\/index.php\/wp-json\/wp\/v2\/types\/post"}],"author":[{"embeddable":true,"href":"https:\/\/www.portalalerta.com.br\/index.php\/wp-json\/wp\/v2\/users\/2"}],"replies":[{"embeddable":true,"href":"https:\/\/www.portalalerta.com.br\/index.php\/wp-json\/wp\/v2\/comments?post=39962"}],"version-history":[{"count":1,"href":"https:\/\/www.portalalerta.com.br\/index.php\/wp-json\/wp\/v2\/posts\/39962\/revisions"}],"predecessor-version":[{"id":39966,"href":"https:\/\/www.portalalerta.com.br\/index.php\/wp-json\/wp\/v2\/posts\/39962\/revisions\/39966"}],"wp:featuredmedia":[{"embeddable":true,"href":"https:\/\/www.portalalerta.com.br\/index.php\/wp-json\/wp\/v2\/media\/33202"}],"wp:attachment":[{"href":"https:\/\/www.portalalerta.com.br\/index.php\/wp-json\/wp\/v2\/media?parent=39962"}],"wp:term":[{"taxonomy":"category","embeddable":true,"href":"https:\/\/www.portalalerta.com.br\/index.php\/wp-json\/wp\/v2\/categories?post=39962"},{"taxonomy":"post_tag","embeddable":true,"href":"https:\/\/www.portalalerta.com.br\/index.php\/wp-json\/wp\/v2\/tags?post=39962"}],"curies":[{"name":"wp","href":"https:\/\/api.w.org\/{rel}","templated":true}]}}